{"id":7255,"date":"2026-05-02T01:21:48","date_gmt":"2026-05-01T23:21:48","guid":{"rendered":"https:\/\/brazilianculture.art\/?p=7255"},"modified":"2026-05-02T01:59:46","modified_gmt":"2026-05-01T23:59:46","slug":"brasilianische-kunstrichtungen","status":"publish","type":"post","link":"https:\/\/brazilianculture.art\/de\/brasilianische-kunstrichtungen\/","title":{"rendered":"10 brasilianische Kunstrichtungen f\u00fcr Anf\u00e4nger"},"content":{"rendered":"<p><div class=\"fusion-fullwidth fullwidth-box fusion-builder-row-1 fusion-flex-container has-pattern-background has-mask-background nonhundred-percent-fullwidth non-hundred-percent-height-scrolling\" style=\"--awb-border-radius-top-left:0px;--awb-border-radius-top-right:0px;--awb-border-radius-bottom-right:0px;--awb-border-radius-bottom-left:0px;--awb-flex-wrap:wrap;\" ><div class=\"fusion-builder-row fusion-row fusion-flex-align-items-flex-start fusion-flex-content-wrap\" style=\"max-width:1331.2px;margin-left: calc(-4% \/ 2 );margin-right: calc(-4% \/ 2 );\"><div class=\"fusion-layout-column fusion_builder_column fusion-builder-column-0 fusion_builder_column_1_1 1_1 fusion-flex-column\" style=\"--awb-bg-size:cover;--awb-width-large:100%;--awb-margin-top-large:20px;--awb-spacing-right-large:1.92%;--awb-margin-bottom-large:20px;--awb-spacing-left-large:1.92%;--awb-width-medium:100%;--awb-order-medium:0;--awb-spacing-right-medium:1.92%;--awb-spacing-left-medium:1.92%;--awb-width-small:100%;--awb-order-small:0;--awb-spacing-right-small:1.92%;--awb-spacing-left-small:1.92%;\"><div class=\"fusion-column-wrapper fusion-column-has-shadow fusion-flex-justify-content-flex-start fusion-content-layout-column\"><div class=\"fusion-text fusion-text-1\"><p><strong>Inhaltsverzeichnis<\/strong><\/p>\n<\/div><div class=\"awb-toc-el awb-toc-el--1\" data-awb-toc-id=\"1\" data-awb-toc-options=\"{&quot;allowed_heading_tags&quot;:{&quot;h2&quot;:0,&quot;h3&quot;:1},&quot;ignore_headings&quot;:&quot;.related-posts *, .comment-respond *&quot;,&quot;ignore_headings_words&quot;:&quot;&quot;,&quot;enable_cache&quot;:&quot;yes&quot;,&quot;highlight_current_heading&quot;:&quot;no&quot;,&quot;hide_hidden_titles&quot;:&quot;yes&quot;,&quot;limit_container&quot;:&quot;all&quot;,&quot;select_custom_headings&quot;:&quot;.post-content&quot;,&quot;icon&quot;:&quot;fa-flag fas&quot;,&quot;counter_type&quot;:&quot;decimal&quot;}\" style=\"--awb-counter-type:counters(awb-toc, &quot;.&quot;, decimal) &quot;. &quot;;\"><div class=\"awb-toc-el__content\"><ul class=\"awb-toc-el__list awb-toc-el__list--0\"><li class=\"awb-toc-el__list-item\"><\/li><li class=\"awb-toc-el__list-item\"><a class=\"awb-toc-el__item-anchor\" href=\"#toc_ArmorialBewegung\"><span>Armorial-Bewegung<\/span><\/a><\/li><li class=\"awb-toc-el__list-item\"><a class=\"awb-toc-el__item-anchor\" href=\"#toc_Brasilianische_Modernismus\"><span>Brasilianische Modernismus<\/span><\/a><\/li><li class=\"awb-toc-el__list-item\"><a class=\"awb-toc-el__item-anchor\" href=\"#toc_Barock\"><span>Barock<\/span><\/a><\/li><li class=\"awb-toc-el__list-item\"><a class=\"awb-toc-el__item-anchor\" href=\"#toc_Tropicalia\"><span>Tropic\u00e1lia<\/span><\/a><\/li><li class=\"awb-toc-el__list-item\"><a class=\"awb-toc-el__item-anchor\" href=\"#toc_Brasilianischer_Konkretismus\"><span>Brasilianischer Konkretismus<\/span><\/a><\/li><li class=\"awb-toc-el__list-item\"><a class=\"awb-toc-el__item-anchor\" href=\"#toc_Neokonkretismus\"><span>Neokonkretismus<\/span><\/a><\/li><li class=\"awb-toc-el__list-item\"><a class=\"awb-toc-el__item-anchor\" href=\"#toc_Anthropophagie\"><span>Anthropophagie<\/span><\/a><\/li><li class=\"awb-toc-el__list-item\"><a class=\"awb-toc-el__item-anchor\" href=\"#toc_Cyberagreste\"><span>Cyberagreste<\/span><\/a><\/li><li class=\"awb-toc-el__list-item\"><a class=\"awb-toc-el__item-anchor\" href=\"#toc_Brasilianischer_Expressionismus\"><span>Brasilianischer Expressionismus<\/span><\/a><\/li><li class=\"awb-toc-el__list-item\"><a class=\"awb-toc-el__item-anchor\" href=\"#toc_Graffiti\"><span>Graffiti<\/span><\/a><\/li><\/ul><\/div><\/div><div class=\"fusion-title title fusion-title-1 fusion-sep-none fusion-title-text fusion-title-size-two\" style=\"--awb-margin-top-small:20px;--awb-margin-bottom-small:10px;\"><h2 class=\"fusion-title-heading title-heading-left fusion-responsive-typography-calculated\" style=\"margin:0;--fontSize:60;line-height:1.18;\"><h1>Einf\u00fchrung<\/h1><\/h2><\/div><div class=\"fusion-text fusion-text-2\"><p><span data-contrast=\"auto\">Die brasilianische Kunst ist durch eine Vielfalt an Ausdrucksformen, Einfl\u00fcssen und historischen Kontexten gepr\u00e4gt, die die kulturelle Komplexit\u00e4t des Landes widerspiegeln. Im Laufe der Zeit sind verschiedene k\u00fcnstlerische Bewegungen als Reaktionen auf soziale, politische und \u00e4sthetische Ver\u00e4nderungen entstanden und haben neue Wege vorgeschlagen, Brasilien zu sehen, zu empfinden und darzustellen. Einige dieser Bewegungen versuchten, mit traditionellen Mustern zu brechen, w\u00e4hrend andere darauf abzielten, Elemente der popul\u00e4ren, regionalen oder urbanen Kultur aufzuwerten und so zur Entwicklung einer pluralen, sich st\u00e4ndig wandelnden k\u00fcnstlerischen Identit\u00e4t beitrugen. <\/span><\/p>\n<p><span data-contrast=\"auto\">Dieser Artikel hat zum Ziel, zehn brasilianische Kunstbewegungen auf zug\u00e4ngliche und einf\u00fchrende Weise vorzustellen, insbesondere f\u00fcr Leserinnen und Leser, die beginnen, sich f\u00fcr dieses Thema zu interessieren. Dabei werden ihre wichtigsten Merkmale und Kontexte hervorgehoben, um Neugier zu wecken und zu einer vertieften Auseinandersetzung mit diesem reichen und dynamischen Universum der K\u00fcnste in Brasilien anzuregen.<\/span><\/p>\n<\/div><\/div><\/div><\/div><\/div><div class=\"fusion-fullwidth fullwidth-box fusion-builder-row-2 fusion-flex-container has-pattern-background has-mask-background nonhundred-percent-fullwidth non-hundred-percent-height-scrolling\" style=\"--awb-border-radius-top-left:0px;--awb-border-radius-top-right:0px;--awb-border-radius-bottom-right:0px;--awb-border-radius-bottom-left:0px;--awb-flex-wrap:wrap;\" ><div class=\"fusion-builder-row fusion-row fusion-flex-align-items-flex-start fusion-flex-content-wrap\" style=\"max-width:1331.2px;margin-left: calc(-4% \/ 2 );margin-right: calc(-4% \/ 2 );\"><div class=\"fusion-layout-column fusion_builder_column fusion-builder-column-1 fusion_builder_column_1_2 1_2 fusion-flex-column\" style=\"--awb-bg-size:cover;--awb-width-large:50%;--awb-margin-top-large:20px;--awb-spacing-right-large:3.84%;--awb-margin-bottom-large:20px;--awb-spacing-left-large:3.84%;--awb-width-medium:100%;--awb-order-medium:0;--awb-spacing-right-medium:1.92%;--awb-spacing-left-medium:1.92%;--awb-width-small:100%;--awb-order-small:0;--awb-spacing-right-small:1.92%;--awb-spacing-left-small:1.92%;\"><div class=\"fusion-column-wrapper fusion-column-has-shadow fusion-flex-justify-content-flex-start fusion-content-layout-column\"><\/div><\/div><\/div><\/div><div class=\"fusion-fullwidth fullwidth-box fusion-builder-row-3 fusion-flex-container has-pattern-background has-mask-background nonhundred-percent-fullwidth non-hundred-percent-height-scrolling\" style=\"--awb-border-radius-top-left:0px;--awb-border-radius-top-right:0px;--awb-border-radius-bottom-right:0px;--awb-border-radius-bottom-left:0px;--awb-flex-wrap:wrap;\" ><div class=\"fusion-builder-row fusion-row fusion-flex-align-items-flex-start fusion-flex-content-wrap\" style=\"max-width:1331.2px;margin-left: calc(-4% \/ 2 );margin-right: calc(-4% \/ 2 );\"><div class=\"fusion-layout-column fusion_builder_column fusion-builder-column-2 fusion_builder_column_1_1 1_1 fusion-flex-column\" style=\"--awb-bg-size:cover;--awb-width-large:100%;--awb-margin-top-large:20px;--awb-spacing-right-large:1.92%;--awb-margin-bottom-large:20px;--awb-spacing-left-large:1.92%;--awb-width-medium:100%;--awb-order-medium:0;--awb-spacing-right-medium:1.92%;--awb-spacing-left-medium:1.92%;--awb-width-small:100%;--awb-order-small:0;--awb-spacing-right-small:1.92%;--awb-spacing-left-small:1.92%;\"><div class=\"fusion-column-wrapper fusion-column-has-shadow fusion-flex-justify-content-flex-start fusion-content-layout-column\"><div class=\"fusion-title title fusion-title-2 fusion-sep-none fusion-title-text fusion-title-size-two\" style=\"--awb-margin-top-small:20px;--awb-margin-bottom-small:10px;\"><h2 class=\"fusion-title-heading title-heading-left fusion-responsive-typography-calculated\" style=\"margin:0;--fontSize:60;line-height:1.18;\"><strong>Armorial-Bewegung<\/strong><\/h2><\/div><div class=\"fusion-image-element awb-imageframe-style awb-imageframe-style-below awb-imageframe-style-1\" style=\"--awb-caption-title-font-family:var(--h5_typography-font-family);--awb-caption-title-font-weight:var(--h5_typography-font-weight);--awb-caption-title-font-style:var(--h5_typography-font-style);--awb-caption-title-size:var(--h5_typography-font-size);--awb-caption-title-transform:var(--h5_typography-text-transform);--awb-caption-title-line-height:var(--h5_typography-line-height);--awb-caption-title-letter-spacing:var(--h5_typography-letter-spacing);\"><span class=\" fusion-imageframe imageframe-none imageframe-1 hover-type-none\"><img decoding=\"async\" width=\"1920\" height=\"1080\" title=\"Ariano e Quinteto Armorial.\" src=\"https:\/\/brazilianculture.art\/wp-content\/uploads\/2026\/04\/Copia_de_Ariano_e_Quinteto_Armorial_4.png.1920x0_q85_crop.jpg\" data-orig-src=\"https:\/\/brazilianculture.art\/wp-content\/uploads\/2026\/04\/Copia_de_Ariano_e_Quinteto_Armorial_4.png.1920x0_q85_crop.jpg\" alt class=\"lazyload img-responsive wp-image-7172\" srcset=\"data:image\/svg+xml,%3Csvg%20xmlns%3D%27http%3A%2F%2Fwww.w3.org%2F2000%2Fsvg%27%20width%3D%271920%27%20height%3D%271080%27%20viewBox%3D%270%200%201920%201080%27%3E%3Crect%20width%3D%271920%27%20height%3D%271080%27%20fill-opacity%3D%220%22%2F%3E%3C%2Fsvg%3E\" data-srcset=\"https:\/\/brazilianculture.art\/wp-content\/uploads\/2026\/04\/Copia_de_Ariano_e_Quinteto_Armorial_4.png.1920x0_q85_crop-200x113.jpg 200w, https:\/\/brazilianculture.art\/wp-content\/uploads\/2026\/04\/Copia_de_Ariano_e_Quinteto_Armorial_4.png.1920x0_q85_crop-400x225.jpg 400w, https:\/\/brazilianculture.art\/wp-content\/uploads\/2026\/04\/Copia_de_Ariano_e_Quinteto_Armorial_4.png.1920x0_q85_crop-600x338.jpg 600w, https:\/\/brazilianculture.art\/wp-content\/uploads\/2026\/04\/Copia_de_Ariano_e_Quinteto_Armorial_4.png.1920x0_q85_crop-800x450.jpg 800w, https:\/\/brazilianculture.art\/wp-content\/uploads\/2026\/04\/Copia_de_Ariano_e_Quinteto_Armorial_4.png.1920x0_q85_crop-1200x675.jpg 1200w, https:\/\/brazilianculture.art\/wp-content\/uploads\/2026\/04\/Copia_de_Ariano_e_Quinteto_Armorial_4.png.1920x0_q85_crop.jpg 1920w\" data-sizes=\"auto\" data-orig-sizes=\"(max-width: 1024px) 100vw, (max-width: 640px) 100vw, 1920px\" \/><\/span><div class=\"awb-imageframe-caption-container\" style=\"text-align:center;\"><div class=\"awb-imageframe-caption\"><h5 class=\"awb-imageframe-caption-title\">Ariano e Quinteto Armorial.<\/h5><\/div><\/div><\/div><\/div><\/div><div class=\"fusion-layout-column fusion_builder_column fusion-builder-column-3 fusion_builder_column_1_1 1_1 fusion-flex-column\" style=\"--awb-bg-size:cover;--awb-width-large:100%;--awb-margin-top-large:20px;--awb-spacing-right-large:1.92%;--awb-margin-bottom-large:20px;--awb-spacing-left-large:1.92%;--awb-width-medium:100%;--awb-order-medium:0;--awb-spacing-right-medium:1.92%;--awb-spacing-left-medium:1.92%;--awb-width-small:100%;--awb-order-small:0;--awb-spacing-right-small:1.92%;--awb-spacing-left-small:1.92%;\"><div class=\"fusion-column-wrapper fusion-column-has-shadow fusion-flex-justify-content-flex-start fusion-content-layout-column\"><div class=\"fusion-text fusion-text-3\"><p><span style=\"font-weight: 400;\">Die Armorial-Bewegung entstand in Brasilien in den 1970er Jahren aus der Vision des Schriftstellers Ariano Suassuna, eine verfeinerte k\u00fcnstlerische Sprache zu entwickeln, die tief mit den popul\u00e4ren Wurzeln des Nordostens verbunden ist. Anstatt die Cordel-Literatur, die Viola, den Holzschnitt und die Tradition des Romanceiro lediglich als folkloristische Ausdrucksformen zu betrachten, wurden sie als Grundlage einer anspruchsvollen, symbolischen und visuell kraftvollen \u00c4sthetik neu interpretiert. Ihre besondere St\u00e4rke liegt genau in diesem Ansatz: popul\u00e4re kulturelle Formen in den Bereich einer hochentwickelten Kunst zu \u00fcberf\u00fchren. <\/span><\/p>\n<p><span style=\"font-weight: 400;\">Auf \u00e4sthetischer Ebene zeichnet sich die Armorial-Bewegung durch lineare Ornamentik, kompositorische Symmetrie, heraldische Stilisierung und die wiederkehrende Pr\u00e4senz von Motiven aus dem ritterlichen, religi\u00f6sen und sertanejo gepr\u00e4gten Imagin\u00e4ren aus. Ihr visuelles Vokabular umfasst h\u00e4ufig Arabesken, Wappen, Embleme, hybride Figuren, fantastische Tiere sowie frontale Kompositionen und eine grafische Verdichtung, die eng mit den Traditionen des volkst\u00fcmlichen Holzschnitts verbunden ist. Farbe erscheint, wenn \u00fcberhaupt, eher zur\u00fcckhaltend oder in streng ausgearbeiteten Kontrasten, w\u00e4hrend die Zeichnung klare Konturen, dekorative Rhythmen und eine deutlich zweidimensionale Struktur betont. Statt Naturalismus anzustreben, arbeitet die armoriale Bildsprache mit symbolischer Dichte, indem sie Ornament, Narration und Zeichen in einem einzigen visuellen Feld zusammenf\u00fchrt. <\/span><\/p>\n<p><span style=\"font-weight: 400;\">Mehr als nur ein Stil formuliert das Armorial auch ein erweitertes Kulturverst\u00e4ndnis: die Idee, dass brasilianische Kunst ein hohes Ma\u00df an Raffinesse erreichen kann, ohne sich von ihren popul\u00e4ren Urspr\u00fcngen zu l\u00f6sen. F\u00fcr diejenigen, die beginnen, sich intensiver mit Kunst auseinanderzusetzen, bietet die Bewegung einen besonders wertvollen Zugang: das Verst\u00e4ndnis, dass Tradition, Identit\u00e4t und formale Verfeinerung keine Gegens\u00e4tze sind, sondern gemeinsam Werke von au\u00dfergew\u00f6hnlicher Einzigartigkeit im globalen kulturellen Kontext hervorbringen k\u00f6nnen. <\/span><\/p>\n<\/div><\/div><\/div><\/div><\/div><div class=\"fusion-fullwidth fullwidth-box fusion-builder-row-4 fusion-flex-container has-pattern-background has-mask-background nonhundred-percent-fullwidth non-hundred-percent-height-scrolling\" style=\"--awb-border-radius-top-left:0px;--awb-border-radius-top-right:0px;--awb-border-radius-bottom-right:0px;--awb-border-radius-bottom-left:0px;--awb-flex-wrap:wrap;\" ><div class=\"fusion-builder-row fusion-row fusion-flex-align-items-flex-start fusion-flex-content-wrap\" style=\"max-width:1331.2px;margin-left: calc(-4% \/ 2 );margin-right: calc(-4% \/ 2 );\"><div class=\"fusion-layout-column fusion_builder_column fusion-builder-column-4 fusion_builder_column_1_2 1_2 fusion-flex-column\" style=\"--awb-bg-size:cover;--awb-width-large:50%;--awb-margin-top-large:20px;--awb-spacing-right-large:3.84%;--awb-margin-bottom-large:20px;--awb-spacing-left-large:3.84%;--awb-width-medium:100%;--awb-order-medium:0;--awb-spacing-right-medium:1.92%;--awb-spacing-left-medium:1.92%;--awb-width-small:100%;--awb-order-small:0;--awb-spacing-right-small:1.92%;--awb-spacing-left-small:1.92%;\"><div class=\"fusion-column-wrapper fusion-column-has-shadow fusion-flex-justify-content-flex-start fusion-content-layout-column\"><div class=\"fusion-title title fusion-title-3 fusion-sep-none fusion-title-text fusion-title-size-two\" style=\"--awb-margin-top-small:20px;--awb-margin-bottom-small:10px;\"><h2 class=\"fusion-title-heading title-heading-left fusion-responsive-typography-calculated\" style=\"margin:0;--fontSize:60;line-height:1.18;\"><strong>Brasilianische Modernismus<\/strong><\/h2><\/div><div class=\"fusion-text fusion-text-4\"><p data-start=\"0\" data-end=\"579\">Der brasilianische Modernismus war ein entscheidender Moment der Erneuerung der K\u00fcnste im 20. Jahrhundert, insbesondere ab den 1920er Jahren. In dieser Zeit begannen K\u00fcnstler und Intellektuelle, traditionelle akademische Modelle zu hinterfragen und nach einer Ausdrucksweise zu suchen, die st\u00e4rker mit den sozialen, urbanen und kulturellen Ver\u00e4nderungen Brasiliens im Einklang stand. Obwohl der Modernismus im Dialog mit den europ\u00e4ischen Avantgarden stand, beschr\u00e4nkte er sich nicht auf deren Nachahmung, sondern interpretierte diese Einfl\u00fcsse aus einer lokalen Perspektive neu und entwickelte sich zu einem umfassenderen Projekt der Neudefinition der brasilianischen Kultur.<\/p>\n<p data-start=\"581\" data-end=\"1374\">Auf visueller Ebene zeichnet sich der Modernismus durch die Vereinfachung der Formen, kompositorische Freiheit, die Ablehnung des akademischen Naturalismus und die Aufwertung innovativer formaler L\u00f6sungen aus. Intensivere Farben, die Geometrisierung der Figuren, die Fragmentierung der Darstellung und die Konstruktion von Bildern mit gr\u00f6\u00dferer formaler Autonomie wurden zunehmend pr\u00e4gend. Gleichzeitig wandte sich die Bewegung Themen des Alltags, der nationalen Landschaft, popul\u00e4ren Figuren und den Prozessen der urbanen Modernisierung zu und r\u00fcckte damit Elemente in den Mittelpunkt der Kunst, die zuvor eine untergeordnete Rolle spielten. In den Arbeiten von Tarsila do Amaral, Anita Malfatti und Di Cavalcanti wird dieser Versuch deutlich, eine moderne Bildsprache zu entwickeln, ohne brasilianische Referenzen aufzugeben.<\/p>\n<p data-start=\"1376\" data-end=\"1960\" data-is-last-node=\"\" data-is-only-node=\"\">Die Bedeutung des brasilianischen Modernismus liegt in seiner F\u00e4higkeit, die Kriterien k\u00fcnstlerischer Bewertung zu ver\u00e4ndern und neue Wege zur Reflexion \u00fcber die kulturelle Identit\u00e4t des Landes zu er\u00f6ffnen. Indem er europ\u00e4ische Einfl\u00fcsse aufgriff, ohne den internationalen Dialog aufzugeben, trug die Bewegung zur Konsolidierung einer eigenst\u00e4ndigeren modernen Kunst in Brasilien bei. Ihre Wirkung geht \u00fcber Malerei und Skulptur hinaus und umfasst auch Architektur, Literatur, Design und Kulturkritik. Daher bleibt der Modernismus ein zentraler Bezugspunkt f\u00fcr das Verst\u00e4ndnis der Entwicklung der brasilianischen Kunst im 20. Jahrhundert.<\/p>\n<\/div><\/div><\/div><div class=\"fusion-layout-column fusion_builder_column fusion-builder-column-5 fusion_builder_column_1_2 1_2 fusion-flex-column\" style=\"--awb-bg-size:cover;--awb-width-large:50%;--awb-margin-top-large:20px;--awb-spacing-right-large:3.84%;--awb-margin-bottom-large:20px;--awb-spacing-left-large:3.84%;--awb-width-medium:100%;--awb-order-medium:0;--awb-spacing-right-medium:1.92%;--awb-spacing-left-medium:1.92%;--awb-width-small:100%;--awb-order-small:0;--awb-spacing-right-small:1.92%;--awb-spacing-left-small:1.92%;\"><div class=\"fusion-column-wrapper fusion-column-has-shadow fusion-flex-justify-content-flex-start fusion-content-layout-column\"><div class=\"fusion-image-element awb-imageframe-style awb-imageframe-style-below awb-imageframe-style-2\" style=\"--awb-caption-title-font-family:var(--h4_typography-font-family);--awb-caption-title-font-weight:var(--h4_typography-font-weight);--awb-caption-title-font-style:var(--h4_typography-font-style);--awb-caption-title-size:var(--h4_typography-font-size);--awb-caption-title-transform:var(--h4_typography-text-transform);--awb-caption-title-line-height:var(--h4_typography-line-height);--awb-caption-title-letter-spacing:var(--h4_typography-letter-spacing);\"><span class=\" fusion-imageframe imageframe-none imageframe-2 hover-type-none\"><img decoding=\"async\" width=\"1023\" height=\"726\" title=\"\u201cOper\u00e1rios\u201d\" src=\"https:\/\/brazilianculture.art\/wp-content\/uploads\/2026\/04\/54164674090_e0566d122d_b.jpg\" data-orig-src=\"https:\/\/brazilianculture.art\/wp-content\/uploads\/2026\/04\/54164674090_e0566d122d_b.jpg\" alt class=\"lazyload img-responsive wp-image-7192\" srcset=\"data:image\/svg+xml,%3Csvg%20xmlns%3D%27http%3A%2F%2Fwww.w3.org%2F2000%2Fsvg%27%20width%3D%271023%27%20height%3D%27726%27%20viewBox%3D%270%200%201023%20726%27%3E%3Crect%20width%3D%271023%27%20height%3D%27726%27%20fill-opacity%3D%220%22%2F%3E%3C%2Fsvg%3E\" data-srcset=\"https:\/\/brazilianculture.art\/wp-content\/uploads\/2026\/04\/54164674090_e0566d122d_b-200x142.jpg 200w, https:\/\/brazilianculture.art\/wp-content\/uploads\/2026\/04\/54164674090_e0566d122d_b-400x284.jpg 400w, https:\/\/brazilianculture.art\/wp-content\/uploads\/2026\/04\/54164674090_e0566d122d_b-600x426.jpg 600w, https:\/\/brazilianculture.art\/wp-content\/uploads\/2026\/04\/54164674090_e0566d122d_b-800x568.jpg 800w, https:\/\/brazilianculture.art\/wp-content\/uploads\/2026\/04\/54164674090_e0566d122d_b.jpg 1023w\" data-sizes=\"auto\" data-orig-sizes=\"(max-width: 1024px) 100vw, (max-width: 640px) 100vw, 800px\" \/><\/span><div class=\"awb-imageframe-caption-container\" style=\"text-align:center;\"><div class=\"awb-imageframe-caption\"><h4 class=\"awb-imageframe-caption-title\">\u201cOper\u00e1rios\u201d<\/h4><p class=\"awb-imageframe-caption-text\">Pintada por Tarsila do Amaral em 1933.<\/p><\/div><\/div><\/div><div class=\"fusion-image-element awb-imageframe-style awb-imageframe-style-below awb-imageframe-style-3\" style=\"--awb-caption-title-font-family:var(--h4_typography-font-family);--awb-caption-title-font-weight:var(--h4_typography-font-weight);--awb-caption-title-font-style:var(--h4_typography-font-style);--awb-caption-title-size:var(--h4_typography-font-size);--awb-caption-title-transform:var(--h4_typography-text-transform);--awb-caption-title-line-height:var(--h4_typography-line-height);--awb-caption-title-letter-spacing:var(--h4_typography-letter-spacing);\"><span class=\" fusion-imageframe imageframe-none imageframe-3 hover-type-none\"><img decoding=\"async\" width=\"1023\" height=\"746\" title=\"&#8222;A Caipirinha&#8220;\" src=\"data:image\/svg+xml,%3Csvg%20xmlns%3D%27http%3A%2F%2Fwww.w3.org%2F2000%2Fsvg%27%20width%3D%271023%27%20height%3D%27746%27%20viewBox%3D%270%200%201023%20746%27%3E%3Crect%20width%3D%271023%27%20height%3D%27746%27%20fill-opacity%3D%220%22%2F%3E%3C%2Fsvg%3E\" data-orig-src=\"https:\/\/brazilianculture.art\/wp-content\/uploads\/2026\/04\/54161773378_cf84cf4c2b_b-e1775095346657.jpg\" alt class=\"lazyload img-responsive wp-image-7178\"\/><\/span><div class=\"awb-imageframe-caption-container\" style=\"text-align:center;\"><div class=\"awb-imageframe-caption\"><h4 class=\"awb-imageframe-caption-title\">&#8222;A Caipirinha&#8220;<\/h4><p class=\"awb-imageframe-caption-text\">pintada pela artista modernista brasileira Tarsila do Amaral em 1923.<\/p><\/div><\/div><\/div><\/div><\/div><div class=\"fusion-layout-column fusion_builder_column fusion-builder-column-6 fusion_builder_column_2_3 2_3 fusion-flex-column\" style=\"--awb-bg-size:cover;--awb-width-large:66.666666666667%;--awb-margin-top-large:20px;--awb-spacing-right-large:2.88%;--awb-margin-bottom-large:20px;--awb-spacing-left-large:2.88%;--awb-width-medium:100%;--awb-order-medium:0;--awb-spacing-right-medium:1.92%;--awb-spacing-left-medium:1.92%;--awb-width-small:100%;--awb-order-small:0;--awb-spacing-right-small:1.92%;--awb-spacing-left-small:1.92%;\"><div class=\"fusion-column-wrapper fusion-column-has-shadow fusion-flex-justify-content-flex-start fusion-content-layout-column\"><div class=\"fusion-title title fusion-title-4 fusion-sep-none fusion-title-text fusion-title-size-two\" style=\"--awb-margin-top-small:20px;--awb-margin-bottom-small:10px;\"><h2 class=\"fusion-title-heading title-heading-left fusion-responsive-typography-calculated\" style=\"margin:0;--fontSize:60;line-height:1.18;\"><strong>Barock<\/strong><\/h2><\/div><\/div><\/div><div class=\"fusion-layout-column fusion_builder_column fusion-builder-column-7 fusion_builder_column_1_2 1_2 fusion-flex-column\" style=\"--awb-bg-size:cover;--awb-width-large:50%;--awb-margin-top-large:20px;--awb-spacing-right-large:3.84%;--awb-margin-bottom-large:20px;--awb-spacing-left-large:3.84%;--awb-width-medium:100%;--awb-order-medium:0;--awb-spacing-right-medium:1.92%;--awb-spacing-left-medium:1.92%;--awb-width-small:100%;--awb-order-small:0;--awb-spacing-right-small:1.92%;--awb-spacing-left-small:1.92%;\"><div class=\"fusion-column-wrapper fusion-column-has-shadow fusion-flex-justify-content-flex-start fusion-content-layout-column\"><div class=\"fusion-text fusion-text-5\"><p><span style=\"font-weight: 400;\">Der brasilianische Barock war eine der wichtigsten Grundlagen der Kunstgeschichte des Landes und entwickelte sich vor allem zwischen dem 17. und 18. Jahrhundert w\u00e4hrend der Kolonialzeit. Besonders stark pr\u00e4sent war er in Regionen wie Bahia, Pernambuco und Minas Gerais, wo die k\u00fcnstlerische Produktion eng mit der katholischen Kirche und den Machtstrukturen jener Zeit verbunden war. In diesem Kontext ging der Barock \u00fcber eine rein stilistische Dimension hinaus und erf\u00fcllte zugleich eine religi\u00f6se und soziale Funktion innerhalb des kolonialen Lebens. <\/span><\/p>\n<p><span style=\"font-weight: 400;\">Auf formaler und materieller Ebene zeichnet sich der brasilianische Barock durch die Vielfalt und den Reichtum der eingesetzten Mittel bei der Gestaltung von Bildern und R\u00e4umen mit starker sinnlicher Wirkung aus. In der Architektur und in kirchlichen Innenr\u00e4umen wurden Materialien wie geschnitztes Holz, Speckstein, Ton, Farbe, Vergoldung mit Blattgold und Polychromie umfassend verwendet, was ein hohes Ma\u00df an ornamentaler Detailtiefe und expressiver Intensit\u00e4t erm\u00f6glichte. Die Holzschnitzerei spielte eine zentrale Rolle, insbesondere bei Alt\u00e4ren, Retabeln, Kanzeln und Decken, wo Kurven, Reliefs, vegetabile Ornamente und religi\u00f6se Motive dicht gestaltete Oberfl\u00e4chen erzeugten. In der sakralen Bildhauerei erm\u00f6glichte die Verwendung von polychromem Holz die Gestaltung dramatischer Figuren mit ausgepr\u00e4gten Gesten, ausdrucksstarken Gesichtern und visuell komplexen Gew\u00e4ndern. In der Malerei treten starke Lichtkontraste, szenografische Tiefenwirkung und sorgf\u00e4ltige Ausarbeitung hervor, w\u00e4hrend in Skulptur und Architektur aufwendig gestaltete Fassaden, reich verzierte Innenr\u00e4ume und formale L\u00f6sungen zu finden sind, die Bewegung, Spannung und Monumentalit\u00e4t erzeugen. <\/span><\/p>\n<p><span style=\"font-weight: 400;\">Der brasilianische Barock nimmt eine zentrale Stellung in der kolonialen Kunst ein, da er eine visuelle Sprache von gro\u00dfer symbolischer Dichte und formaler Wirkung entwickelte. Anstatt europ\u00e4ische Modelle lediglich zu reproduzieren, f\u00fchrte seine Auspr\u00e4gung in Brasilien zu technischen, materiellen und ikonografischen Anpassungen, die eigenst\u00e4ndige Konfigurationen hervorbrachten. Daher bleibt er ein entscheidender Bezugspunkt f\u00fcr das historische Erbe und die visuelle Kultur Brasiliens. <\/span><\/p>\n<\/div><\/div><\/div><div class=\"fusion-layout-column fusion_builder_column fusion-builder-column-8 fusion_builder_column_1_2 1_2 fusion-flex-column\" style=\"--awb-bg-size:cover;--awb-width-large:50%;--awb-margin-top-large:20px;--awb-spacing-right-large:3.84%;--awb-margin-bottom-large:20px;--awb-spacing-left-large:3.84%;--awb-width-medium:100%;--awb-order-medium:0;--awb-spacing-right-medium:1.92%;--awb-spacing-left-medium:1.92%;--awb-width-small:100%;--awb-order-small:0;--awb-spacing-right-small:1.92%;--awb-spacing-left-small:1.92%;\"><div class=\"fusion-column-wrapper fusion-column-has-shadow fusion-flex-justify-content-flex-start fusion-content-layout-column\"><div class=\"fusion-image-element \" style=\"--awb-caption-title-font-family:var(--h2_typography-font-family);--awb-caption-title-font-weight:var(--h2_typography-font-weight);--awb-caption-title-font-style:var(--h2_typography-font-style);--awb-caption-title-size:var(--h2_typography-font-size);--awb-caption-title-transform:var(--h2_typography-text-transform);--awb-caption-title-line-height:var(--h2_typography-line-height);--awb-caption-title-letter-spacing:var(--h2_typography-letter-spacing);\"><span class=\" fusion-imageframe imageframe-none imageframe-4 hover-type-none\"><img decoding=\"async\" width=\"683\" height=\"883\" alt=\"Capela Nossa Senhora do Carmo - Sabar\u00e1, Minas Gerais\" title=\"Capela Nossa Senhora do Carmo &#8211; Sabar\u00e1, Minas Gerais\" src=\"https:\/\/brazilianculture.art\/wp-content\/uploads\/2026\/03\/Nossa-senhora-do-carmo4-altar-mor.jpg\" data-orig-src=\"https:\/\/brazilianculture.art\/wp-content\/uploads\/2026\/03\/Nossa-senhora-do-carmo4-altar-mor.jpg\" class=\"lazyload img-responsive wp-image-7058\" srcset=\"data:image\/svg+xml,%3Csvg%20xmlns%3D%27http%3A%2F%2Fwww.w3.org%2F2000%2Fsvg%27%20width%3D%27683%27%20height%3D%27883%27%20viewBox%3D%270%200%20683%20883%27%3E%3Crect%20width%3D%27683%27%20height%3D%27883%27%20fill-opacity%3D%220%22%2F%3E%3C%2Fsvg%3E\" data-srcset=\"https:\/\/brazilianculture.art\/wp-content\/uploads\/2026\/03\/Nossa-senhora-do-carmo4-altar-mor-200x259.jpg 200w, https:\/\/brazilianculture.art\/wp-content\/uploads\/2026\/03\/Nossa-senhora-do-carmo4-altar-mor-400x517.jpg 400w, https:\/\/brazilianculture.art\/wp-content\/uploads\/2026\/03\/Nossa-senhora-do-carmo4-altar-mor-600x776.jpg 600w, https:\/\/brazilianculture.art\/wp-content\/uploads\/2026\/03\/Nossa-senhora-do-carmo4-altar-mor.jpg 683w\" data-sizes=\"auto\" data-orig-sizes=\"(max-width: 1024px) 100vw, (max-width: 640px) 100vw, 683px\" \/><\/span><\/div><\/div><\/div><\/div><\/div><div class=\"fusion-fullwidth fullwidth-box fusion-builder-row-5 fusion-flex-container has-pattern-background has-mask-background nonhundred-percent-fullwidth non-hundred-percent-height-scrolling\" style=\"--awb-border-radius-top-left:0px;--awb-border-radius-top-right:0px;--awb-border-radius-bottom-right:0px;--awb-border-radius-bottom-left:0px;--awb-flex-wrap:wrap;\" ><div class=\"fusion-builder-row fusion-row fusion-flex-align-items-flex-start fusion-flex-content-wrap\" style=\"max-width:1331.2px;margin-left: calc(-4% \/ 2 );margin-right: calc(-4% \/ 2 );\"><div class=\"fusion-layout-column fusion_builder_column fusion-builder-column-9 fusion_builder_column_1_1 1_1 fusion-flex-column\" style=\"--awb-bg-size:cover;--awb-width-large:100%;--awb-margin-top-large:20px;--awb-spacing-right-large:1.92%;--awb-margin-bottom-large:20px;--awb-spacing-left-large:1.92%;--awb-width-medium:100%;--awb-order-medium:0;--awb-spacing-right-medium:1.92%;--awb-spacing-left-medium:1.92%;--awb-width-small:100%;--awb-order-small:0;--awb-spacing-right-small:1.92%;--awb-spacing-left-small:1.92%;\"><div class=\"fusion-column-wrapper fusion-column-has-shadow fusion-flex-justify-content-flex-start fusion-content-layout-column\"><div class=\"fusion-title title fusion-title-5 fusion-sep-none fusion-title-text fusion-title-size-two\" style=\"--awb-margin-top-small:20px;--awb-margin-bottom-small:10px;\"><h2 class=\"fusion-title-heading title-heading-left fusion-responsive-typography-calculated\" style=\"margin:0;--fontSize:60;line-height:1.18;\"><strong>Tropic\u00e1lia<\/strong><\/h2><\/div><div class=\"fusion-text fusion-text-6\"><p><span style=\"font-weight: 400;\">Die Tropic\u00e1lia war eine der bedeutendsten \u00e4sthetischen Umw\u00e4lzungen der brasilianischen Kultur im 20. Jahrhundert. Sie entstand Ende der 1960er Jahre und vereinte Musik, bildende Kunst, Theater, Film und Poesie, um eine neue Art des Denkens \u00fcber Brasilien zu entwickeln. Anstatt eine feste oder \u201ereine\u201c nationale Identit\u00e4t zu vertreten, verstand die Bewegung Mischung und Widerspruch als kreative Kr\u00e4fte und stellte popul\u00e4re Traditionen, Massenkultur, avantgardistische Experimente und internationale Referenzen nebeneinander. . <\/span><\/p>\n<p><span style=\"font-weight: 400;\">Auf \u00e4sthetischer Ebene zeichnet sich die Tropic\u00e1lia durch die Verbindung unterschiedlicher Ausdrucksformen, die Anh\u00e4ufung von Referenzen sowie den Einsatz von Dissonanz, Collage und \u00dcberf\u00fclle als zentrale Mittel aus. Ihr visuelles und klangliches Vokabular verbindet brasilianische Popul\u00e4rkultur, Psychedelik, konkrete Poesie und Massenmedien und erzeugt Werke, die von Kontrast, Theatralit\u00e4t und einer starken symbolischen Aufladung gepr\u00e4gt sind. Anstatt Einheit oder formale Reinheit anzustreben, betonte die Bewegung die Spannung zwischen unterschiedlichen Elementen und verwandelte die Exuberanz in ein kritisches Instrument zur Offenlegung der Widerspr\u00fcche der brasilianischen Moderne. <\/span><\/p>\n<p><span style=\"font-weight: 400;\">Mehr als nur eine historische Bewegung formulierte die Tropic\u00e1lia ein erweitertes Kulturverst\u00e4ndnis: dass k\u00fcnstlerische Raffinesse auch aus Mischung, Instabilit\u00e4t und Wagemut entstehen kann. Indem sie die Grenzen zwischen national und international, zwischen Hochkultur und Popul\u00e4rkultur sowie zwischen dem Raffinierten und dem Allt\u00e4glichen aufl\u00f6ste, schuf sie ein offenes und innovatives Modell kultureller Produktion. F\u00fcr diejenigen, die brasilianische Kunst aufmerksam betrachten, bietet die Tropic\u00e1lia einen wichtigen Interpretationsansatz: Sie zeigt, dass Komplexit\u00e4t, wenn sie bewusst gestaltet wird, auch eine Form \u00e4sthetischer St\u00e4rke und kultureller Identit\u00e4t sein kann. <\/span><\/p>\n<\/div><\/div><\/div><div class=\"fusion-layout-column fusion_builder_column fusion-builder-column-10 fusion_builder_column_1_1 1_1 fusion-flex-column\" style=\"--awb-bg-size:cover;--awb-width-large:100%;--awb-margin-top-large:20px;--awb-spacing-right-large:1.92%;--awb-margin-bottom-large:20px;--awb-spacing-left-large:1.92%;--awb-width-medium:100%;--awb-order-medium:0;--awb-spacing-right-medium:1.92%;--awb-spacing-left-medium:1.92%;--awb-width-small:100%;--awb-order-small:0;--awb-spacing-right-small:1.92%;--awb-spacing-left-small:1.92%;\"><div class=\"fusion-column-wrapper fusion-column-has-shadow fusion-flex-justify-content-flex-start fusion-content-layout-column\"><div class=\"fusion-title title fusion-title-6 fusion-sep-none fusion-title-text fusion-title-size-two\" style=\"--awb-margin-top-small:20px;--awb-margin-bottom-small:10px;\"><h2 class=\"fusion-title-heading title-heading-left fusion-responsive-typography-calculated\" style=\"margin:0;--fontSize:60;line-height:1.18;\"><strong>Brasilianischer Konkretismus<\/strong><\/h2><\/div><div class=\"fusion-text fusion-text-7\"><p><span style=\"font-weight: 400;\">Der brasilianische Konkretismus stellte eine der entscheidendsten Auspr\u00e4gungen der modernen Kunst im Land dar, insbesondere ab den 1950er Jahren, indem er eine Sprache etablierte, die auf formaler Objektivit\u00e4t, konstruktiver Strenge und der Autonomie visueller Elemente basiert. Im Dialog mit internationalen Str\u00f6mungen der geometrischen Abstraktion suchte die Bewegung den Bruch mit figurativer Darstellung und subjektiver Expressivit\u00e4t und verstand das Kunstwerk als eine Struktur, die nach pr\u00e4zisen Beziehungen von Form, Farbe, Raum und Rhythmus organisiert ist. Mehr als eine stilistische Entscheidung formulierte der Konkretismus ein neues Verst\u00e4ndnis von Kunst, das auf Klarheit, Ordnung und rationaler Komposition beruht. <\/span><\/p>\n<p><span style=\"font-weight: 400;\">Auf \u00e4sthetischer Ebene zeichnet sich der Konkretismus durch die Geometrisierung der Formen, die Reduktion des visuellen Vokabulars, kompositorische Pr\u00e4zision und die Ablehnung spontaner Gestik als ordnendes Prinzip aus. Linien, Fl\u00e4chen, Farben und Volumen wirken objektiv, gem\u00e4\u00df berechneter Strukturen und kontrollierter visueller Beziehungen. Die Oberfl\u00e4che verliert ihre Funktion als Illusionsraum und tritt in ihrer materiellen und konstruktiven Qualit\u00e4t hervor, wobei Gleichgewicht, Serialit\u00e4t, Wiederholung und formale Verdichtung betont werden. Anstatt zu erz\u00e4hlen, darzustellen oder Emotionen direkt auszudr\u00fccken, konzentriert sich die konkrete Kunst auf die Konstruktion einer reduzierten Bildsprache, in der jedes Element Teil eines streng organisierten Systems ist. <\/span><\/p>\n<p><span style=\"font-weight: 400;\">In seiner kulturellen Dimension kann der Konkretismus als Teil eines umfassenderen Projekts \u00e4sthetischer Modernisierung verstanden werden, das mit der Aufwertung von Rationalit\u00e4t, Industrie, Design und der visuellen Organisation der modernen Welt verbunden ist. Seine Bedeutung liegt darin, in Brasilien eine k\u00fcnstlerische Sprache etabliert zu haben, die formale Innovation mit konstruktiver Disziplin verbindet und zugleich die visuellen K\u00fcnste erweitert sowie Poesie, Design und visuelle Kommunikation beeinflusst hat. Daher bleibt der Konkretismus ein zentraler Bezugspunkt f\u00fcr das Verst\u00e4ndnis der Beziehung zwischen Kunst, Form und modernem Denken im brasilianischen Kontext. <\/span><\/p>\n<\/div><\/div><\/div><div class=\"fusion-layout-column fusion_builder_column fusion-builder-column-11 fusion_builder_column_1_2 1_2 fusion-flex-column\" style=\"--awb-bg-size:cover;--awb-width-large:50%;--awb-margin-top-large:20px;--awb-spacing-right-large:3.84%;--awb-margin-bottom-large:20px;--awb-spacing-left-large:3.84%;--awb-width-medium:100%;--awb-order-medium:0;--awb-spacing-right-medium:1.92%;--awb-spacing-left-medium:1.92%;--awb-width-small:100%;--awb-order-small:0;--awb-spacing-right-small:1.92%;--awb-spacing-left-small:1.92%;\"><div class=\"fusion-column-wrapper fusion-column-has-shadow fusion-flex-justify-content-flex-start fusion-content-layout-column\"><div class=\"fusion-image-element awb-imageframe-style awb-imageframe-style-below awb-imageframe-style-5\" style=\"--awb-caption-title-font-family:var(--h4_typography-font-family);--awb-caption-title-font-weight:var(--h4_typography-font-weight);--awb-caption-title-font-style:var(--h4_typography-font-style);--awb-caption-title-size:var(--h4_typography-font-size);--awb-caption-title-transform:var(--h4_typography-text-transform);--awb-caption-title-line-height:var(--h4_typography-line-height);--awb-caption-title-letter-spacing:var(--h4_typography-letter-spacing);\"><span class=\" fusion-imageframe imageframe-none imageframe-5 hover-type-none\"><img decoding=\"async\" width=\"2000\" height=\"1234\" title=\"Obra \u201cCaranguejo\u201d da cole\u00e7\u00e3o \u201cBichos\u201d de Lygia Clark\" src=\"https:\/\/brazilianculture.art\/wp-content\/uploads\/2026\/04\/O_Bicho_Linear_-_Lygia_Clark.jpg\" data-orig-src=\"https:\/\/brazilianculture.art\/wp-content\/uploads\/2026\/04\/O_Bicho_Linear_-_Lygia_Clark.jpg\" alt class=\"lazyload img-responsive wp-image-7157\" srcset=\"data:image\/svg+xml,%3Csvg%20xmlns%3D%27http%3A%2F%2Fwww.w3.org%2F2000%2Fsvg%27%20width%3D%272000%27%20height%3D%271234%27%20viewBox%3D%270%200%202000%201234%27%3E%3Crect%20width%3D%272000%27%20height%3D%271234%27%20fill-opacity%3D%220%22%2F%3E%3C%2Fsvg%3E\" data-srcset=\"https:\/\/brazilianculture.art\/wp-content\/uploads\/2026\/04\/O_Bicho_Linear_-_Lygia_Clark-200x123.jpg 200w, https:\/\/brazilianculture.art\/wp-content\/uploads\/2026\/04\/O_Bicho_Linear_-_Lygia_Clark-400x247.jpg 400w, https:\/\/brazilianculture.art\/wp-content\/uploads\/2026\/04\/O_Bicho_Linear_-_Lygia_Clark-600x370.jpg 600w, https:\/\/brazilianculture.art\/wp-content\/uploads\/2026\/04\/O_Bicho_Linear_-_Lygia_Clark-800x494.jpg 800w, https:\/\/brazilianculture.art\/wp-content\/uploads\/2026\/04\/O_Bicho_Linear_-_Lygia_Clark-1200x740.jpg 1200w, https:\/\/brazilianculture.art\/wp-content\/uploads\/2026\/04\/O_Bicho_Linear_-_Lygia_Clark.jpg 2000w\" data-sizes=\"auto\" data-orig-sizes=\"(max-width: 1024px) 100vw, (max-width: 640px) 100vw, 800px\" \/><\/span><div class=\"awb-imageframe-caption-container\" style=\"text-align:center;\"><div class=\"awb-imageframe-caption\"><h4 class=\"awb-imageframe-caption-title\">Obra \u201cCaranguejo\u201d da cole\u00e7\u00e3o \u201cBichos\u201d de Lygia Clark<\/h4><\/div><\/div><\/div><div class=\"fusion-image-element awb-imageframe-style awb-imageframe-style-below awb-imageframe-style-6\" style=\"--awb-caption-title-font-family:var(--h4_typography-font-family);--awb-caption-title-font-weight:var(--h4_typography-font-weight);--awb-caption-title-font-style:var(--h4_typography-font-style);--awb-caption-title-size:var(--h4_typography-font-size);--awb-caption-title-transform:var(--h4_typography-text-transform);--awb-caption-title-line-height:var(--h4_typography-line-height);--awb-caption-title-letter-spacing:var(--h4_typography-letter-spacing);\"><span class=\" fusion-imageframe imageframe-none imageframe-6 hover-type-none\"><img decoding=\"async\" width=\"547\" height=\"551\" title=\"Willys de Castro em frente \u00e0 pinturas na exposi\u00e7\u00e3o do VI Sal\u00e3o de Arte Moderna de 1957\" src=\"https:\/\/brazilianculture.art\/wp-content\/uploads\/2026\/04\/Willys_de_Castro_em_frente_a_pinturas_na_exposicao_do_VI_Salao_de_Arte_Moderna_de_1957.png\" data-orig-src=\"https:\/\/brazilianculture.art\/wp-content\/uploads\/2026\/04\/Willys_de_Castro_em_frente_a_pinturas_na_exposicao_do_VI_Salao_de_Arte_Moderna_de_1957.png\" alt class=\"lazyload img-responsive wp-image-7162\" srcset=\"data:image\/svg+xml,%3Csvg%20xmlns%3D%27http%3A%2F%2Fwww.w3.org%2F2000%2Fsvg%27%20width%3D%27547%27%20height%3D%27551%27%20viewBox%3D%270%200%20547%20551%27%3E%3Crect%20width%3D%27547%27%20height%3D%27551%27%20fill-opacity%3D%220%22%2F%3E%3C%2Fsvg%3E\" data-srcset=\"https:\/\/brazilianculture.art\/wp-content\/uploads\/2026\/04\/Willys_de_Castro_em_frente_a_pinturas_na_exposicao_do_VI_Salao_de_Arte_Moderna_de_1957-200x201.png 200w, https:\/\/brazilianculture.art\/wp-content\/uploads\/2026\/04\/Willys_de_Castro_em_frente_a_pinturas_na_exposicao_do_VI_Salao_de_Arte_Moderna_de_1957-400x403.png 400w, https:\/\/brazilianculture.art\/wp-content\/uploads\/2026\/04\/Willys_de_Castro_em_frente_a_pinturas_na_exposicao_do_VI_Salao_de_Arte_Moderna_de_1957.png 547w\" data-sizes=\"auto\" data-orig-sizes=\"(max-width: 1024px) 100vw, (max-width: 640px) 100vw, 547px\" \/><\/span><div class=\"awb-imageframe-caption-container\" style=\"text-align:center;\"><div class=\"awb-imageframe-caption\"><h4 class=\"awb-imageframe-caption-title\">Willys de Castro em frente \u00e0 pinturas na exposi\u00e7\u00e3o do VI Sal\u00e3o de Arte Moderna de 1957<\/h4><\/div><\/div><\/div><\/div><\/div><div class=\"fusion-layout-column fusion_builder_column fusion-builder-column-12 fusion_builder_column_1_2 1_2 fusion-flex-column\" style=\"--awb-bg-size:cover;--awb-width-large:50%;--awb-margin-top-large:20px;--awb-spacing-right-large:3.84%;--awb-margin-bottom-large:20px;--awb-spacing-left-large:3.84%;--awb-width-medium:100%;--awb-order-medium:0;--awb-spacing-right-medium:1.92%;--awb-spacing-left-medium:1.92%;--awb-width-small:100%;--awb-order-small:0;--awb-spacing-right-small:1.92%;--awb-spacing-left-small:1.92%;\"><div class=\"fusion-column-wrapper fusion-column-has-shadow fusion-flex-justify-content-flex-start fusion-content-layout-column\"><div class=\"fusion-title title fusion-title-7 fusion-sep-none fusion-title-text fusion-title-size-two\" style=\"--awb-margin-top-small:20px;--awb-margin-bottom-small:10px;\"><h2 class=\"fusion-title-heading title-heading-left fusion-responsive-typography-calculated\" style=\"margin:0;--fontSize:60;line-height:1.18;\"><strong>Neokonkretismus<\/strong><\/h2><\/div><div class=\"fusion-text fusion-text-8\"><p><span data-contrast=\"auto\">Der brasilianische Neokonkretismus, der Ende der 1950er Jahre entstand, markiert einen Wendepunkt in den bildenden K\u00fcnsten, indem er die Grenzen des konstruktiven Rationalismus hinterfragt, der die geometrische Abstraktion im Land gepr\u00e4gt hatte. Im kritischen Dialog mit dem Konkretismus\u2014stark beeinflusst von europ\u00e4ischen Str\u00f6mungen sowie einer Logik von Ordnung und Berechnung\u2014beginnt die Bewegung, das Kunstwerk als eine sinnliche Struktur zu verstehen, die offen f\u00fcr Erfahrung und Instabilit\u00e4t ist. In diesem Zusammenhang wird Kunst nicht l\u00e4nger als autonomes Objekt begriffen, sondern entsteht in der Beziehung zu Raum, Materialit\u00e4t und dem K\u00f6rper des Betrachters, wodurch sich der Fokus von der reinen Betrachtung hin zur Erfahrung verschiebt. <\/span><\/p>\n<p><span data-contrast=\"auto\">Auf \u00e4sthetischer Ebene zeichnet sich der Neokonkretismus durch die Aktivierung des realen Raums und die \u00dcberwindung strenger Zweidimensionalit\u00e4t aus. Die Werke verlangen eine direkte Beteiligung des Betrachters. Reliefs, bewegliche Strukturen, interaktive Objekte und r\u00e4umliche Inszenierungen verwandeln Wahrnehmung in konkrete Erfahrung und beziehen Sehen, Tasten und Bewegung in Zeit und Raum ein. Die Geometrie bleibt als Ausdrucksmittel erhalten, verliert jedoch ihren normativen Charakter und gewinnt an Flexibilit\u00e4t und Ausdruckskraft. K\u00fcnstler wie Lygia Clark, H\u00e9lio Oiticica und Willys de Castro untersuchten diesen \u00dcbergang, indem sie die Grenzen zwischen Malerei, Objekt und Raum aufl\u00f6sten und eine Bildsprache entwickelten, die sich im Zusammenspiel von Form und Erfahrung entfaltet. <\/span><\/p>\n<p><span data-contrast=\"auto\">In seiner kritischen Dimension l\u00e4sst sich der Neokonkretismus als Reaktion auf strengere Modelle der Organisation moderner Kunst verstehen. Er schl\u00e4gt neue Beziehungen zwischen Werk, Publikum und Kontext vor. Seine politische Kraft zeigt sich nicht in direkter Protestdarstellung, sondern in der Schaffung von Situationen, die Wahrnehmungsgewohnheiten aufbrechen und bestehende Hierarchien zwischen K\u00fcnstler, Werk und Betrachter infrage stellen. Durch die Verbindung von formaler Innovation und sinnlicher Erfahrung hat die Bewegung die Rolle der zeitgen\u00f6ssischen Kunst in Brasilien neu definiert und die kritischen M\u00f6glichkeiten der visuellen Produktion in Lateinamerika erweitert. <\/span><\/p>\n<\/div><\/div><\/div><\/div><\/div><div class=\"fusion-fullwidth fullwidth-box fusion-builder-row-6 fusion-flex-container has-pattern-background has-mask-background nonhundred-percent-fullwidth non-hundred-percent-height-scrolling\" style=\"--awb-border-radius-top-left:0px;--awb-border-radius-top-right:0px;--awb-border-radius-bottom-right:0px;--awb-border-radius-bottom-left:0px;--awb-flex-wrap:wrap;\" ><div class=\"fusion-builder-row fusion-row fusion-flex-align-items-flex-start fusion-flex-content-wrap\" style=\"max-width:1331.2px;margin-left: calc(-4% \/ 2 );margin-right: calc(-4% \/ 2 );\"><div class=\"fusion-layout-column fusion_builder_column fusion-builder-column-13 fusion_builder_column_1_1 1_1 fusion-flex-column\" style=\"--awb-bg-size:cover;--awb-width-large:100%;--awb-margin-top-large:20px;--awb-spacing-right-large:1.92%;--awb-margin-bottom-large:20px;--awb-spacing-left-large:1.92%;--awb-width-medium:100%;--awb-order-medium:0;--awb-spacing-right-medium:1.92%;--awb-spacing-left-medium:1.92%;--awb-width-small:100%;--awb-order-small:0;--awb-spacing-right-small:1.92%;--awb-spacing-left-small:1.92%;\"><div class=\"fusion-column-wrapper fusion-column-has-shadow fusion-flex-justify-content-flex-start fusion-content-layout-column\"><div class=\"fusion-title title fusion-title-8 fusion-sep-none fusion-title-text fusion-title-size-two\" style=\"--awb-margin-top-small:20px;--awb-margin-bottom-small:10px;\"><h2 class=\"fusion-title-heading title-heading-left fusion-responsive-typography-calculated\" style=\"margin:0;--fontSize:60;line-height:1.18;\"><strong>Anthropophagie<\/strong><\/h2><\/div><div class=\"fusion-text fusion-text-9\"><p><span style=\"font-weight: 400;\">Die brasilianische Anthropophagie, die im Kontext des Modernismus formuliert und mit dem Manifesto Antrop\u00f3fago von 1928 gefestigt wurde, z\u00e4hlt zu den einflussreichsten Ideen der brasilianischen Kultur im 20. Jahrhundert. Anstatt die blo\u00dfe Aufnahme \u00e4u\u00dferer Einfl\u00fcsse zu propagieren, schlug die Bewegung vor, dass Brasilien seine eigene kulturelle St\u00e4rke durch die Transformation des Fremden entwickeln sollte. Statt europ\u00e4ische Modelle zu kopieren oder eine \u201ereine\u201c nationale Identit\u00e4t zu suchen, pr\u00e4sentierte die Anthropophagie die brasilianische Kultur als f\u00e4hig, unterschiedliche Referenzen zu \u201everschlingen\u201c, neu zu gestalten und ihnen neue Bedeutungen zu verleihen. <\/span><\/p>\n<p><span style=\"font-weight: 400;\">Auf \u00e4sthetischer Ebene zeichnet sich die Anthropophagie durch die Vermischung von Repertoires, die Verbindung unterschiedlicher Zeiten und Referenzen sowie den Einsatz von Ironie, Parodie und Experiment als zentrale Elemente aus. Die Bewegung bringt indigene Kultur, Oralit\u00e4t, Humor, Kritik und moderne Formen k\u00fcnstlerischer Erfindung zusammen und schafft eine Sprache, die von Bruch, Verschiebung und Neuerfindung gepr\u00e4gt ist. Anstatt Einheit oder Treue zu importierten Modellen anzustreben, betont der anthropophagische Ansatz die Transformation des Angeeigneten und macht die Kunst zu einem Raum der Neuordnung und kreativen Spannung. <\/span><\/p>\n<p><span style=\"font-weight: 400;\">In ihrer politischen Dimension kann die Anthropophagie als direkte Kritik an kulturellen Hierarchien verstanden werden, die aus dem Kolonialismus hervorgegangen sind. Ihre St\u00e4rke liegt darin, die Logik der Einflussnahme umzukehren: Das Fremde wird nicht l\u00e4nger als \u00fcberlegenes Modell betrachtet, sondern als Material f\u00fcr kreative Prozesse. Indem sie diese aktive Form der Aneignung und Transformation verteidigt, formuliert die Bewegung ein Konzept kultureller Autonomie, das auf der Ablehnung von Passivit\u00e4t basiert. Daher bleibt die Anthropophagie ein zentraler Bezugspunkt f\u00fcr die Auseinandersetzung mit Kunst, Literatur und Fragen von Identit\u00e4t und Dekolonisierung in Brasilien. <\/span><\/p>\n<\/div><\/div><\/div><div class=\"fusion-layout-column fusion_builder_column fusion-builder-column-14 fusion_builder_column_1_1 1_1 fusion-flex-column\" style=\"--awb-bg-size:cover;--awb-width-large:100%;--awb-margin-top-large:20px;--awb-spacing-right-large:1.92%;--awb-margin-bottom-large:20px;--awb-spacing-left-large:1.92%;--awb-width-medium:100%;--awb-order-medium:0;--awb-spacing-right-medium:1.92%;--awb-spacing-left-medium:1.92%;--awb-width-small:100%;--awb-order-small:0;--awb-spacing-right-small:1.92%;--awb-spacing-left-small:1.92%;\"><div class=\"fusion-column-wrapper fusion-column-has-shadow fusion-flex-justify-content-flex-start fusion-content-layout-column\"><div class=\"fusion-image-element awb-imageframe-style awb-imageframe-style-below awb-imageframe-style-7\" style=\"--awb-caption-title-font-family:var(--h5_typography-font-family);--awb-caption-title-font-weight:var(--h5_typography-font-weight);--awb-caption-title-font-style:var(--h5_typography-font-style);--awb-caption-title-size:var(--h5_typography-font-size);--awb-caption-title-transform:var(--h5_typography-text-transform);--awb-caption-title-line-height:var(--h5_typography-line-height);--awb-caption-title-letter-spacing:var(--h5_typography-letter-spacing);\"><span class=\" fusion-imageframe imageframe-none imageframe-7 hover-type-none\"><img decoding=\"async\" width=\"2073\" height=\"1560\" title=\"A Cuca, 1924 &#8211; O\u0301leo sobre tela Tarsila do Amaral\" src=\"https:\/\/brazilianculture.art\/wp-content\/uploads\/2026\/04\/A-Cuca-1924-Oleo-sobre-tela-Tarsila-do-Amaral.jpeg\" data-orig-src=\"https:\/\/brazilianculture.art\/wp-content\/uploads\/2026\/04\/A-Cuca-1924-Oleo-sobre-tela-Tarsila-do-Amaral.jpeg\" alt class=\"lazyload img-responsive wp-image-7600\" srcset=\"data:image\/svg+xml,%3Csvg%20xmlns%3D%27http%3A%2F%2Fwww.w3.org%2F2000%2Fsvg%27%20width%3D%272073%27%20height%3D%271560%27%20viewBox%3D%270%200%202073%201560%27%3E%3Crect%20width%3D%272073%27%20height%3D%271560%27%20fill-opacity%3D%220%22%2F%3E%3C%2Fsvg%3E\" data-srcset=\"https:\/\/brazilianculture.art\/wp-content\/uploads\/2026\/04\/A-Cuca-1924-Oleo-sobre-tela-Tarsila-do-Amaral-200x151.jpeg 200w, https:\/\/brazilianculture.art\/wp-content\/uploads\/2026\/04\/A-Cuca-1924-Oleo-sobre-tela-Tarsila-do-Amaral-400x301.jpeg 400w, https:\/\/brazilianculture.art\/wp-content\/uploads\/2026\/04\/A-Cuca-1924-Oleo-sobre-tela-Tarsila-do-Amaral-600x452.jpeg 600w, https:\/\/brazilianculture.art\/wp-content\/uploads\/2026\/04\/A-Cuca-1924-Oleo-sobre-tela-Tarsila-do-Amaral-800x602.jpeg 800w, https:\/\/brazilianculture.art\/wp-content\/uploads\/2026\/04\/A-Cuca-1924-Oleo-sobre-tela-Tarsila-do-Amaral-1200x903.jpeg 1200w, https:\/\/brazilianculture.art\/wp-content\/uploads\/2026\/04\/A-Cuca-1924-Oleo-sobre-tela-Tarsila-do-Amaral.jpeg 2073w\" data-sizes=\"auto\" data-orig-sizes=\"(max-width: 1024px) 100vw, (max-width: 640px) 100vw, 2073px\" \/><\/span><div class=\"awb-imageframe-caption-container\" style=\"text-align:center;\"><div class=\"awb-imageframe-caption\"><h5 class=\"awb-imageframe-caption-title\">A Cuca, 1924 &#8211; O\u0301leo sobre tela Tarsila do Amaral<\/h5><\/div><\/div><\/div><\/div><\/div><\/div><\/div><div class=\"fusion-fullwidth fullwidth-box fusion-builder-row-7 fusion-flex-container has-pattern-background has-mask-background nonhundred-percent-fullwidth non-hundred-percent-height-scrolling\" style=\"--awb-border-radius-top-left:0px;--awb-border-radius-top-right:0px;--awb-border-radius-bottom-right:0px;--awb-border-radius-bottom-left:0px;--awb-flex-wrap:wrap;\" ><div class=\"fusion-builder-row fusion-row fusion-flex-align-items-flex-start fusion-flex-content-wrap\" style=\"max-width:1331.2px;margin-left: calc(-4% \/ 2 );margin-right: calc(-4% \/ 2 );\"><div class=\"fusion-layout-column fusion_builder_column fusion-builder-column-15 fusion_builder_column_1_1 1_1 fusion-flex-column\" style=\"--awb-bg-size:cover;--awb-width-large:100%;--awb-margin-top-large:20px;--awb-spacing-right-large:1.92%;--awb-margin-bottom-large:20px;--awb-spacing-left-large:1.92%;--awb-width-medium:100%;--awb-order-medium:0;--awb-spacing-right-medium:1.92%;--awb-spacing-left-medium:1.92%;--awb-width-small:100%;--awb-order-small:0;--awb-spacing-right-small:1.92%;--awb-spacing-left-small:1.92%;\"><div class=\"fusion-column-wrapper fusion-column-has-shadow fusion-flex-justify-content-flex-start fusion-content-layout-column\"><div class=\"fusion-title title fusion-title-9 fusion-sep-none fusion-title-text fusion-title-size-two\" style=\"--awb-margin-top-small:20px;--awb-margin-bottom-small:10px;\"><h2 class=\"fusion-title-heading title-heading-left fusion-responsive-typography-calculated\" style=\"margin:0;--fontSize:60;line-height:1.18;\"><strong>Cyberagreste<\/strong><\/h2><\/div><\/div><\/div><div class=\"fusion-layout-column fusion_builder_column fusion-builder-column-16 fusion_builder_column_1_1 1_1 fusion-flex-column\" style=\"--awb-bg-size:cover;--awb-width-large:100%;--awb-margin-top-large:20px;--awb-spacing-right-large:1.92%;--awb-margin-bottom-large:20px;--awb-spacing-left-large:1.92%;--awb-width-medium:100%;--awb-order-medium:0;--awb-spacing-right-medium:1.92%;--awb-spacing-left-medium:1.92%;--awb-width-small:100%;--awb-order-small:0;--awb-spacing-right-small:1.92%;--awb-spacing-left-small:1.92%;\"><div class=\"fusion-column-wrapper fusion-column-has-shadow fusion-flex-justify-content-flex-start fusion-content-layout-column\"><div class=\"fusion-text fusion-text-10\"><p><span style=\"font-weight: 400;\">Der brasilianische Cyberagreste kann als eine emergente \u00c4sthetik verstanden werden, die Repertoires aus dem Nordosten, dem Sert\u00e3o und popul\u00e4ren Kulturen mit Imaginarien der Science-Fiction, des Cyberpunk und technologischer Bildwelten verbindet. Anstatt eine formal konsolidierte Bewegung zu sein, handelt es sich um eine Ausdrucksform, die in den visuellen K\u00fcnsten, der Illustration, der Mode und der spekulativen Fiktion zirkuliert und durch die Erfindung situierter Zuk\u00fcnfte gepr\u00e4gt ist, die auf regionalen Referenzen basieren. <\/span><\/p>\n<p><span style=\"font-weight: 400;\">Auf \u00e4sthetischer Ebene zeichnet sich der Cyberagreste durch die Verschmelzung regionaler Zeichen mit futuristischen Elementen aus, wodurch Bilder von starkem Kontrast und Hybridit\u00e4t entstehen. Kleidung, die an den Canga\u00e7o erinnert, aride Landschaften, popul\u00e4re grafische Muster, elektronische Schrottmaterialien, Prothesen, k\u00fcnstliches Licht und digitale Schnittstellen existieren innerhalb derselben Komposition nebeneinander. Anstatt dokumentarische Treue anzustreben, arbeitet diese \u00c4sthetik mit Mischung, Verschiebung und symbolischer Neuerfindung und verwandelt Elemente des Nordostens in Material f\u00fcr die Vorstellung alternativer Zuk\u00fcnfte. <\/span><\/p>\n<p><span style=\"font-weight: 400;\">In ihrer kritischen Dimension hinterfragt der Cyberagreste traditionelle Darstellungsweisen des Nordostens und schl\u00e4gt vor, dass Zukunft auch aus Regionen gedacht werden kann, die historisch als peripher betrachtet wurden. Durch die Verbindung von Technologie, popul\u00e4rer Kultur und spekulativer Imagination erweitert diese \u00c4sthetik das Feld der Repr\u00e4sentation und verschiebt den Mittelpunkt visueller Erz\u00e4hlungen \u00fcber Moderne in Brasilien. Gleichzeitig birgt sie das Risiko, Stereotype zu reproduzieren, was sie zu einem aktiven Feld symbolischer Auseinandersetzung macht. <\/span><\/p>\n<\/div><\/div><\/div><\/div><\/div><div class=\"fusion-fullwidth fullwidth-box fusion-builder-row-8 fusion-flex-container has-pattern-background has-mask-background nonhundred-percent-fullwidth non-hundred-percent-height-scrolling\" style=\"--awb-border-radius-top-left:0px;--awb-border-radius-top-right:0px;--awb-border-radius-bottom-right:0px;--awb-border-radius-bottom-left:0px;--awb-flex-wrap:wrap;\" ><div class=\"fusion-builder-row fusion-row fusion-flex-align-items-flex-start fusion-flex-content-wrap\" style=\"max-width:1331.2px;margin-left: calc(-4% \/ 2 );margin-right: calc(-4% \/ 2 );\"><div class=\"fusion-layout-column fusion_builder_column fusion-builder-column-17 fusion_builder_column_1_2 1_2 fusion-flex-column\" style=\"--awb-bg-size:cover;--awb-width-large:50%;--awb-margin-top-large:20px;--awb-spacing-right-large:3.84%;--awb-margin-bottom-large:20px;--awb-spacing-left-large:3.84%;--awb-width-medium:100%;--awb-order-medium:0;--awb-spacing-right-medium:1.92%;--awb-spacing-left-medium:1.92%;--awb-width-small:100%;--awb-order-small:0;--awb-spacing-right-small:1.92%;--awb-spacing-left-small:1.92%;\"><div class=\"fusion-column-wrapper fusion-column-has-shadow fusion-flex-justify-content-flex-start fusion-content-layout-column\"><div class=\"fusion-title title fusion-title-10 fusion-sep-none fusion-title-text fusion-title-size-two\" style=\"--awb-margin-top-small:20px;--awb-margin-bottom-small:10px;\"><h2 class=\"fusion-title-heading title-heading-left fusion-responsive-typography-calculated\" style=\"margin:0;--fontSize:60;line-height:1.18;\"><strong>Brasilianischer Expressionismus<\/strong><\/h2><\/div><div class=\"fusion-image-element awb-imageframe-style awb-imageframe-style-below awb-imageframe-style-8\" style=\"--awb-caption-title-font-family:var(--h5_typography-font-family);--awb-caption-title-font-weight:var(--h5_typography-font-weight);--awb-caption-title-font-style:var(--h5_typography-font-style);--awb-caption-title-size:var(--h5_typography-font-size);--awb-caption-title-transform:var(--h5_typography-text-transform);--awb-caption-title-line-height:var(--h5_typography-line-height);--awb-caption-title-letter-spacing:var(--h5_typography-letter-spacing);\"><span class=\" fusion-imageframe imageframe-none imageframe-8 hover-type-none\"><img decoding=\"async\" width=\"1129\" height=\"1500\" title=\"\u201cMaternidade\u201d Lasar Segall\" src=\"https:\/\/brazilianculture.art\/wp-content\/uploads\/2026\/04\/Maternidade_-_Lasar_Segall.jpg\" data-orig-src=\"https:\/\/brazilianculture.art\/wp-content\/uploads\/2026\/04\/Maternidade_-_Lasar_Segall.jpg\" alt class=\"lazyload img-responsive wp-image-7202\" srcset=\"data:image\/svg+xml,%3Csvg%20xmlns%3D%27http%3A%2F%2Fwww.w3.org%2F2000%2Fsvg%27%20width%3D%271129%27%20height%3D%271500%27%20viewBox%3D%270%200%201129%201500%27%3E%3Crect%20width%3D%271129%27%20height%3D%271500%27%20fill-opacity%3D%220%22%2F%3E%3C%2Fsvg%3E\" data-srcset=\"https:\/\/brazilianculture.art\/wp-content\/uploads\/2026\/04\/Maternidade_-_Lasar_Segall-200x266.jpg 200w, https:\/\/brazilianculture.art\/wp-content\/uploads\/2026\/04\/Maternidade_-_Lasar_Segall-400x531.jpg 400w, https:\/\/brazilianculture.art\/wp-content\/uploads\/2026\/04\/Maternidade_-_Lasar_Segall-600x797.jpg 600w, https:\/\/brazilianculture.art\/wp-content\/uploads\/2026\/04\/Maternidade_-_Lasar_Segall-800x1063.jpg 800w, https:\/\/brazilianculture.art\/wp-content\/uploads\/2026\/04\/Maternidade_-_Lasar_Segall.jpg 1129w\" data-sizes=\"auto\" data-orig-sizes=\"(max-width: 1024px) 100vw, (max-width: 640px) 100vw, 800px\" \/><\/span><div class=\"awb-imageframe-caption-container\" style=\"text-align:center;\"><div class=\"awb-imageframe-caption\"><h5 class=\"awb-imageframe-caption-title\">\u201cMaternidade\u201d Lasar Segall<\/h5><\/div><\/div><\/div><\/div><\/div><div class=\"fusion-layout-column fusion_builder_column fusion-builder-column-18 fusion_builder_column_1_2 1_2 fusion-flex-column\" style=\"--awb-bg-size:cover;--awb-width-large:50%;--awb-margin-top-large:20px;--awb-spacing-right-large:3.84%;--awb-margin-bottom-large:20px;--awb-spacing-left-large:3.84%;--awb-width-medium:100%;--awb-order-medium:0;--awb-spacing-right-medium:1.92%;--awb-spacing-left-medium:1.92%;--awb-width-small:100%;--awb-order-small:0;--awb-spacing-right-small:1.92%;--awb-spacing-left-small:1.92%;\"><div class=\"fusion-column-wrapper fusion-column-has-shadow fusion-flex-justify-content-flex-start fusion-content-layout-column\"><div class=\"fusion-text fusion-text-11\"><p><span style=\"font-weight: 400;\">Der brasilianische Expressionismus entwickelte sich in den ersten Jahrzehnten des 20. Jahrhunderts im Dialog mit der modernistischen Erneuerung und der Verbreitung avantgardistischer Str\u00f6mungen aus Europa. In Brasilien etablierte er sich nicht als geschlossene und homogene Bewegung, sondern als visuelle Ausrichtung bei K\u00fcnstlern, die mit dem akademischen Naturalismus brechen und die emotionale Kraft des Bildes verst\u00e4rken wollten. In diesem Zusammenhang waren Pers\u00f6nlichkeiten wie Anita Malfatti und Lasar Segall entscheidend f\u00fcr die Einf\u00fchrung einer Malerei, die durch expressive Deformation, psychologische Intensit\u00e4t und formale Freiheit gepr\u00e4gt ist und den \u00dcbergang der brasilianischen Kunst zur Moderne ma\u00dfgeblich vorantrieb. <\/span><\/p>\n<p>&nbsp;<\/p>\n<p><span style=\"font-weight: 400;\">Auf visueller Ebene zeichnet sich der brasilianische Expressionismus durch die Verzerrung von Formen, den dramatischen Einsatz von Farbe, die Intensivierung der Linie und die Erzeugung atmosph\u00e4rischer Dichte aus. Angespannte Gesichter, verl\u00e4ngerte Figuren, instabile Kompositionen und starke Farbkontraste dienen als Mittel, um Zust\u00e4nde wie Angst, Einsamkeit, Konflikt oder Melancholie sichtbar zu machen. Anstatt Realit\u00e4t getreu abzubilden, stellt diese Bildsprache die Subjektivit\u00e4t in den Vordergrund und macht die Malerei zu einem Raum emotionaler Verdichtung und sinnlicher Spannung. Im brasilianischen Kontext verbinden sich diese Strategien sowohl mit urbanen und sozialen Erfahrungen als auch mit existenziellen Deutungen der menschlichen Figur. <\/span><\/p>\n<p>&nbsp;<\/p>\n<p><span style=\"font-weight: 400;\">Historisch gesehen hatte der Expressionismus in Brasilien gro\u00dfe Bedeutung, da er zur Aufl\u00f6sung akademischer Normen beitrug und Raum f\u00fcr eine freiere, subjektivere und experimentellere Kunst er\u00f6ffnete. Seine Wirkung war entscheidend f\u00fcr die Herausbildung der modernen brasilianischen Kunst, insbesondere indem er eine Bildsprache legitimierte, die weniger auf Nachahmung als auf die Intensit\u00e4t der Erfahrung ausgerichtet ist. Daher nimmt der brasilianische Expressionismus einen wichtigen Platz in der Kunstgeschichte des Landes ein \u2013 nicht als stabile Schule, sondern als transformative \u00e4sthetische Kraft, die die Grenzen der modernen Darstellung erweitert hat. <\/span><\/p>\n<p>&nbsp;<\/p>\n<\/div><\/div><\/div><div class=\"fusion-layout-column fusion_builder_column fusion-builder-column-19 fusion_builder_column_1_1 1_1 fusion-flex-column\" style=\"--awb-bg-size:cover;--awb-width-large:100%;--awb-margin-top-large:20px;--awb-spacing-right-large:1.92%;--awb-margin-bottom-large:20px;--awb-spacing-left-large:1.92%;--awb-width-medium:100%;--awb-order-medium:0;--awb-spacing-right-medium:1.92%;--awb-spacing-left-medium:1.92%;--awb-width-small:100%;--awb-order-small:0;--awb-spacing-right-small:1.92%;--awb-spacing-left-small:1.92%;\"><div class=\"fusion-column-wrapper fusion-column-has-shadow fusion-flex-justify-content-flex-start fusion-content-layout-column\"><div class=\"fusion-title title fusion-title-11 fusion-sep-none fusion-title-text fusion-title-size-two\" style=\"--awb-margin-top-small:20px;--awb-margin-bottom-small:10px;\"><h2 class=\"fusion-title-heading title-heading-left fusion-responsive-typography-calculated\" style=\"margin:0;--fontSize:60;line-height:1.18;\"><strong>Graffiti<\/strong><\/h2><\/div><div class=\"fusion-image-element awb-imageframe-style awb-imageframe-style-below awb-imageframe-style-9\" style=\"--awb-caption-title-font-family:var(--h5_typography-font-family);--awb-caption-title-font-weight:var(--h5_typography-font-weight);--awb-caption-title-font-style:var(--h5_typography-font-style);--awb-caption-title-size:var(--h5_typography-font-size);--awb-caption-title-transform:var(--h5_typography-text-transform);--awb-caption-title-line-height:var(--h5_typography-line-height);--awb-caption-title-letter-spacing:var(--h5_typography-letter-spacing);\"><span class=\" fusion-imageframe imageframe-none imageframe-9 hover-type-none\"><img decoding=\"async\" width=\"2560\" height=\"1707\" title=\"Grafite na entrada do Mam, Os G\u00eameos\" src=\"data:image\/svg+xml,%3Csvg%20xmlns%3D%27http%3A%2F%2Fwww.w3.org%2F2000%2Fsvg%27%20width%3D%272560%27%20height%3D%271707%27%20viewBox%3D%270%200%202560%201707%27%3E%3Crect%20width%3D%272560%27%20height%3D%271707%27%20fill-opacity%3D%220%22%2F%3E%3C%2Fsvg%3E\" data-orig-src=\"https:\/\/brazilianculture.art\/wp-content\/uploads\/2026\/03\/5878023404_2c43590eec_o-scaled-e1775092572325.jpg\" alt class=\"lazyload img-responsive wp-image-7072\"\/><\/span><div class=\"awb-imageframe-caption-container\" style=\"text-align:center;\"><div class=\"awb-imageframe-caption\"><h5 class=\"awb-imageframe-caption-title\">Grafite na entrada do Mam, Os G\u00eameos<\/h5><p class=\"awb-imageframe-caption-text\">Parque Ibirapuera, Avenida Pedro \u00c1lvares Cabral, s\/n. Foto por Andr\u00e9 Deak para o Arte Fora do Museu (http:\/\/www.arteforadomuseu.com.br)<\/p><\/div><\/div><\/div><\/div><\/div><\/div><\/div><div class=\"fusion-fullwidth fullwidth-box fusion-builder-row-9 fusion-flex-container has-pattern-background has-mask-background nonhundred-percent-fullwidth non-hundred-percent-height-scrolling\" style=\"--awb-border-radius-top-left:0px;--awb-border-radius-top-right:0px;--awb-border-radius-bottom-right:0px;--awb-border-radius-bottom-left:0px;--awb-flex-wrap:wrap;\" ><div class=\"fusion-builder-row fusion-row fusion-flex-align-items-flex-start fusion-flex-content-wrap\" style=\"max-width:1331.2px;margin-left: calc(-4% \/ 2 );margin-right: calc(-4% \/ 2 );\"><div class=\"fusion-layout-column fusion_builder_column fusion-builder-column-20 fusion_builder_column_1_2 1_2 fusion-flex-column\" style=\"--awb-bg-size:cover;--awb-width-large:50%;--awb-margin-top-large:20px;--awb-spacing-right-large:3.84%;--awb-margin-bottom-large:20px;--awb-spacing-left-large:3.84%;--awb-width-medium:100%;--awb-order-medium:0;--awb-spacing-right-medium:1.92%;--awb-spacing-left-medium:1.92%;--awb-width-small:100%;--awb-order-small:0;--awb-spacing-right-small:1.92%;--awb-spacing-left-small:1.92%;\"><div class=\"fusion-column-wrapper fusion-column-has-shadow fusion-flex-justify-content-flex-start fusion-content-layout-column\"><div class=\"fusion-text fusion-text-12\"><p><span style=\"font-weight: 400;\">Im brasilianischen Kontext bilden Graffiti und urbane Kunst eine visuelle Sprache, die eng mit der Erfahrung der Stadt, Stra\u00dfenkulturen und dem Kampf um Sichtbarkeit im \u00f6ffentlichen Raum verbunden ist. Obwohl sie im Dialog mit der internationalen Entwicklung des Graffiti seit den 1970er Jahren stehen, haben diese Praktiken in Brasilien eigene Auspr\u00e4gungen entwickelt, die durch Hip-Hop-Kultur, urbane Ungleichheit, die symbolische Aneignung der Metropole und die Entwicklung lokaler Repertoires gepr\u00e4gt sind. Anstatt sich auf dekorative Eingriffe zu beschr\u00e4nken, behaupten sie sich als Formen \u00e4sthetischer und sozialer Einschreibung in die urbane Landschaft. <\/span><\/p>\n<p><span style=\"font-weight: 400;\">Auf visueller Ebene zeichnen sich Graffiti und urbane Kunst in Brasilien durch die Kraft der Linie, gro\u00dfe Ma\u00dfst\u00e4be, intensive Farbigkeit und eine Vielfalt an Verfahren aus. Stilisierten Schriftz\u00fcgen, Figuren, narrative Darstellungen, grafische Muster und monumentale Kompositionen treten in Dialog mit Mauern, Fassaden, Durchg\u00e4ngen und anderen urbanen Oberfl\u00e4chen und integrieren die Textur und Materialit\u00e4t der Umgebung. Gleichzeitig hat die brasilianische Szene eigene visuelle Vokabulare hervorgebracht, sichtbar sowohl im zeitgen\u00f6ssischen Muralismus als auch in bedeutenden k\u00fcnstlerischen Laufbahnen wie der von Os G\u00eameos, deren Arbeiten brasilianische Kultur, popul\u00e4re Bildwelten und Hip-Hop-Referenzen in einer weithin erkennbaren Bildsprache vereinen. <\/span><\/p>\n<p><span style=\"font-weight: 400;\">In ihrer historischen und kritischen Dimension sind diese Praktiken bedeutsam, weil sie Kunst aus traditionellen institutionellen Kontexten herausl\u00f6sen und Themen wie Territorium, Geschlecht, Rasse, Umwelt und urbane Erinnerung sichtbar machen. In Brasilien zeigen K\u00fcnstlerinnen und K\u00fcnstler wie Panmela Castro und Mundano, wie Graffiti auch als Werkzeug f\u00fcr Aktivismus und \u00f6ffentliche Intervention fungieren kann, wodurch sich das Feld der urbanen Kunst \u00fcber das Bild hinaus erweitert und mit dr\u00e4ngenden gesellschaftlichen Debatten verkn\u00fcpft wird. Daher nehmen Graffiti und urbane Kunst heute einen zentralen Platz in der brasilianischen visuellen Kultur ein \u2013 nicht nur als \u00e4sthetische Sprache, sondern als aktive Form von Pr\u00e4senz, Kritik und kreativer Gestaltung im urbanen Raum. <\/span><\/p>\n<\/div><\/div><\/div><div class=\"fusion-layout-column fusion_builder_column fusion-builder-column-21 fusion_builder_column_1_2 1_2 fusion-flex-column\" style=\"--awb-bg-size:cover;--awb-width-large:50%;--awb-margin-top-large:20px;--awb-spacing-right-large:3.84%;--awb-margin-bottom-large:20px;--awb-spacing-left-large:3.84%;--awb-width-medium:100%;--awb-order-medium:0;--awb-spacing-right-medium:1.92%;--awb-spacing-left-medium:1.92%;--awb-width-small:100%;--awb-order-small:0;--awb-spacing-right-small:1.92%;--awb-spacing-left-small:1.92%;\"><div class=\"fusion-column-wrapper fusion-column-has-shadow fusion-flex-justify-content-flex-start fusion-content-layout-column\"><div class=\"fusion-image-element awb-imageframe-style awb-imageframe-style-below awb-imageframe-style-10\" style=\"--awb-caption-title-font-family:var(--h4_typography-font-family);--awb-caption-title-font-weight:var(--h4_typography-font-weight);--awb-caption-title-font-style:var(--h4_typography-font-style);--awb-caption-title-size:var(--h4_typography-font-size);--awb-caption-title-transform:var(--h4_typography-text-transform);--awb-caption-title-line-height:var(--h4_typography-line-height);--awb-caption-title-letter-spacing:var(--h4_typography-letter-spacing);\"><span class=\" fusion-imageframe imageframe-none imageframe-10 hover-type-none\"><img decoding=\"async\" width=\"1938\" height=\"2560\" title=\"Os Gemeos\" src=\"https:\/\/brazilianculture.art\/wp-content\/uploads\/2026\/04\/OsGemeos-scaled.jpg\" data-orig-src=\"https:\/\/brazilianculture.art\/wp-content\/uploads\/2026\/04\/OsGemeos-scaled.jpg\" alt class=\"lazyload img-responsive wp-image-7167\" srcset=\"data:image\/svg+xml,%3Csvg%20xmlns%3D%27http%3A%2F%2Fwww.w3.org%2F2000%2Fsvg%27%20width%3D%271938%27%20height%3D%272560%27%20viewBox%3D%270%200%201938%202560%27%3E%3Crect%20width%3D%271938%27%20height%3D%272560%27%20fill-opacity%3D%220%22%2F%3E%3C%2Fsvg%3E\" data-srcset=\"https:\/\/brazilianculture.art\/wp-content\/uploads\/2026\/04\/OsGemeos-200x264.jpg 200w, https:\/\/brazilianculture.art\/wp-content\/uploads\/2026\/04\/OsGemeos-400x528.jpg 400w, https:\/\/brazilianculture.art\/wp-content\/uploads\/2026\/04\/OsGemeos-600x792.jpg 600w, https:\/\/brazilianculture.art\/wp-content\/uploads\/2026\/04\/OsGemeos-800x1057.jpg 800w, https:\/\/brazilianculture.art\/wp-content\/uploads\/2026\/04\/OsGemeos-1200x1585.jpg 1200w, https:\/\/brazilianculture.art\/wp-content\/uploads\/2026\/04\/OsGemeos-scaled.jpg 1938w\" data-sizes=\"auto\" data-orig-sizes=\"(max-width: 1024px) 100vw, (max-width: 640px) 100vw, 800px\" \/><\/span><div class=\"awb-imageframe-caption-container\" style=\"text-align:center;\"><div class=\"awb-imageframe-caption\"><h4 class=\"awb-imageframe-caption-title\">Os Gemeos<\/h4><\/div><\/div><\/div><\/div><\/div><\/div><\/div><div class=\"fusion-fullwidth fullwidth-box fusion-builder-row-10 fusion-flex-container has-pattern-background has-mask-background nonhundred-percent-fullwidth non-hundred-percent-height-scrolling\" style=\"--awb-border-radius-top-left:0px;--awb-border-radius-top-right:0px;--awb-border-radius-bottom-right:0px;--awb-border-radius-bottom-left:0px;--awb-flex-wrap:wrap;\" ><div class=\"fusion-builder-row fusion-row fusion-flex-align-items-flex-start fusion-flex-content-wrap\" style=\"max-width:1331.2px;margin-left: calc(-4% \/ 2 );margin-right: calc(-4% \/ 2 );\"><div class=\"fusion-layout-column fusion_builder_column fusion-builder-column-22 fusion_builder_column_1_1 1_1 fusion-flex-column\" style=\"--awb-bg-size:cover;--awb-width-large:100%;--awb-margin-top-large:20px;--awb-spacing-right-large:1.92%;--awb-margin-bottom-large:20px;--awb-spacing-left-large:1.92%;--awb-width-medium:100%;--awb-order-medium:0;--awb-spacing-right-medium:1.92%;--awb-spacing-left-medium:1.92%;--awb-width-small:100%;--awb-order-small:0;--awb-spacing-right-small:1.92%;--awb-spacing-left-small:1.92%;\"><div class=\"fusion-column-wrapper fusion-column-has-shadow fusion-flex-justify-content-flex-start fusion-content-layout-column\"><div class=\"fusion-text fusion-text-13\"><p><span class=\"TextRun SCXW162566108 BCX0\" lang=\"PT-BR\" xml:lang=\"PT-BR\" data-contrast=\"auto\"><span class=\"NormalTextRun SCXW162566108 BCX0\">In ihrer Gesamtheit machen diese Bewegungen die St\u00e4rke, Vielfalt und Raffinesse der brasilianischen Kunst im Laufe der Zeit sichtbar. Ihre Kenntnis erm\u00f6glicht ein Verst\u00e4ndnis daf\u00fcr, wie unterschiedliche K\u00fcnstler, Ausdrucksformen und historische Kontexte zur Entstehung einzigartiger Wege beigetragen haben, Brasilien zu gestalten und zu interpretieren. Auch in dieser einf\u00fchrenden Perspektive zeigt sich bereits ein breites, lebendiges und plurales k\u00fcnstlerisches Feld, das einen aufmerksameren und interessierten Blick auf die kulturelle Produktion des Landes anregt. <\/span><\/span><\/p>\n<\/div><\/div><\/div><div class=\"fusion-layout-column fusion_builder_column fusion-builder-column-23 fusion_builder_column_1_1 1_1 fusion-flex-column\" style=\"--awb-bg-size:cover;--awb-width-large:100%;--awb-margin-top-large:20px;--awb-spacing-right-large:1.92%;--awb-margin-bottom-large:20px;--awb-spacing-left-large:1.92%;--awb-width-medium:100%;--awb-order-medium:0;--awb-spacing-right-medium:1.92%;--awb-spacing-left-medium:1.92%;--awb-width-small:100%;--awb-order-small:0;--awb-spacing-right-small:1.92%;--awb-spacing-left-small:1.92%;\"><div class=\"fusion-column-wrapper fusion-column-has-shadow fusion-flex-justify-content-flex-start fusion-content-layout-column\"><div class=\"accordian fusion-accordian\" style=\"--awb-border-size:0px;--awb-icon-size:16px;--awb-content-font-size:var(--awb-typography3-font-size);--awb-icon-alignment:left;--awb-hover-color:var(--awb-color2);--awb-border-color:rgba(255,255,255,0);--awb-background-color:var(--awb-color1);--awb-divider-color:var(--awb-color2);--awb-divider-hover-color:var(--awb-color2);--awb-icon-color:var(--awb-color7);--awb-title-color:var(--awb-color7);--awb-content-color:var(--awb-color7);--awb-icon-box-color:var(--awb-color7);--awb-toggle-hover-accent-color:var(--awb-color5);--awb-title-font-family:var(--awb-typography3-font-family);--awb-title-font-weight:var(--awb-typography3-font-weight);--awb-title-font-style:var(--awb-typography3-font-style);--awb-title-font-size:var(--awb-typography3-font-size);--awb-title-line-height:1.5;--awb-content-font-family:var(--awb-typography3-font-family);--awb-content-font-weight:var(--awb-typography3-font-weight);--awb-content-font-style:var(--awb-typography3-font-style);\"><div class=\"panel-group fusion-toggle-icon-unboxed\" id=\"accordion-7255-1\"><div class=\"fusion-panel panel-default panel-d207fd4c15e660fd1 fusion-toggle-no-divider\" style=\"--awb-title-color:var(--awb-color7);--awb-content-color:var(--awb-color7);\"><div class=\"panel-heading\"><h4 class=\"panel-title toggle\" id=\"toggle_d207fd4c15e660fd1\"><a aria-expanded=\"false\" aria-controls=\"d207fd4c15e660fd1\" role=\"button\" data-toggle=\"collapse\" data-target=\"#d207fd4c15e660fd1\" href=\"#d207fd4c15e660fd1\"><span class=\"fusion-toggle-icon-wrapper\" aria-hidden=\"true\"><i class=\"fa-fusion-box active-icon awb-icon-minus\" aria-hidden=\"true\"><\/i><i class=\"fa-fusion-box inactive-icon fa-landmark fas\" aria-hidden=\"true\"><\/i><\/span><span class=\"fusion-toggle-heading\">Bibliographie<\/span><\/a><\/h4><\/div><div id=\"d207fd4c15e660fd1\" class=\"panel-collapse collapse \" aria-labelledby=\"toggle_d207fd4c15e660fd1\"><div class=\"panel-body toggle-content fusion-clearfix\">\n<p>Acervo Digital da Unesp. Verf\u00fcgbar unter: acervodigital.unesp.br<br \/>\nEnciclop\u00e9dia Ita\u00fa Cultural. Expressionismo e obras associadas. Verf\u00fcgbar unter: enciclopedia.itaucultural.org.br<br \/>\nCanaltech. Fic\u00e7\u00e3o cient\u00edfica brasileira e movimentos como cyberagreste. Verf\u00fcgbar unter: canaltech.com.br<br data-start=\"866\" data-end=\"869\" \/>Krio Comics. Origem e conceito do cyberagreste na ilustra\u00e7\u00e3o brasileira. Verf\u00fcgbar unter: kriocomics.com.brEnciclop\u00e9dia Ita\u00fa Cultural. Expressionismo e obras associadas. Verf\u00fcgbar unter: enciclopedia.itaucultural.org.br<br data-start=\"972\" data-end=\"975\" \/>Canaltech. Fic\u00e7\u00e3o cient\u00edfica brasileira e movimentos como cyberagreste. Verf\u00fcgbar unter: canaltech.com.br<br data-start=\"866\" data-end=\"869\" \/>Krio Comics. Origem e conceito do cyberagreste na ilustra\u00e7\u00e3o brasileira. Verf\u00fcgbar unter: kriocomics.com.br<br data-start=\"972\" data-end=\"975\" \/>Brasil Escola. Movimento Armorial na arte brasileira. Verf\u00fcgbar unter: brasilescola.uol.com.br<br data-start=\"92\" data-end=\"95\" \/>Brasil Escola. Tropicalismo e contexto cultural brasileiro. Verf\u00fcgbar unter: brasilescola.uol.com.br<br data-start=\"193\" data-end=\"196\" \/>Toda Mat\u00e9ria. Modernismo no Brasil e suas fases. Verf\u00fcgbar unter: todamateria.com.br<br data-start=\"278\" data-end=\"281\" \/>Toda Mat\u00e9ria. Barroco no Brasil e caracter\u00edsticas art\u00edsticas. Verf\u00fcgbar unter: todamateria.com.br<br data-start=\"376\" data-end=\"379\" \/>Toda Mat\u00e9ria. Concretismo e arte geom\u00e9trica brasileira. Verf\u00fcgbar unter: todamateria.com.br<br data-start=\"468\" data-end=\"471\" \/>Toda Mat\u00e9ria. Neoconcretismo e arte sens\u00edvel no Brasil. Verf\u00fcgbar unter: todamateria.com.br<br data-start=\"560\" data-end=\"563\" \/>Toda Mat\u00e9ria. Manifesto Antrop\u00f3fago e identidade cultural brasileira. Verf\u00fcgbar unter: todamateria.com.br<br data-start=\"666\" data-end=\"669\" \/>Toda Mat\u00e9ria. Grafite e arte urbana contempor\u00e2nea. Verf\u00fcgbar unter: todamateria.com.br: acervodigital.unesp.br<\/p>\n<\/div><\/div><\/div><\/div><\/div><\/div><\/div><\/div><\/div><div class=\"fusion-fullwidth fullwidth-box fusion-builder-row-11 fusion-flex-container has-pattern-background has-mask-background nonhundred-percent-fullwidth non-hundred-percent-height-scrolling\" style=\"--awb-border-radius-top-left:0px;--awb-border-radius-top-right:0px;--awb-border-radius-bottom-right:0px;--awb-border-radius-bottom-left:0px;--awb-flex-wrap:wrap;\" ><div class=\"fusion-builder-row fusion-row fusion-flex-align-items-flex-start fusion-flex-content-wrap\" style=\"max-width:1331.2px;margin-left: calc(-4% \/ 2 );margin-right: calc(-4% \/ 2 );\"><div class=\"fusion-layout-column fusion_builder_column fusion-builder-column-24 fusion_builder_column_1_1 1_1 fusion-flex-column\" style=\"--awb-bg-size:cover;--awb-width-large:100%;--awb-margin-top-large:20px;--awb-spacing-right-large:1.92%;--awb-margin-bottom-large:20px;--awb-spacing-left-large:1.92%;--awb-width-medium:100%;--awb-order-medium:0;--awb-spacing-right-medium:1.92%;--awb-spacing-left-medium:1.92%;--awb-width-small:100%;--awb-order-small:0;--awb-spacing-right-small:1.92%;--awb-spacing-left-small:1.92%;\"><div class=\"fusion-column-wrapper fusion-column-has-shadow fusion-flex-justify-content-flex-start fusion-content-layout-column\"><\/div><\/div><\/div><\/div><\/p>\n","protected":false},"excerpt":{"rendered":"","protected":false},"author":3,"featured_media":7592,"comment_status":"open","ping_status":"open","sticky":false,"template":"","format":"standard","meta":{"footnotes":""},"categories":[93],"tags":[],"class_list":["post-7255","post","type-post","status-publish","format-standard","has-post-thumbnail","hentry","category-kunst-und-kultur"],"yoast_head":"<!-- This site is optimized with the Yoast SEO plugin v27.4 - https:\/\/yoast.com\/product\/yoast-seo-wordpress\/ -->\n<title>10 brasilianische Kunstrichtungen f\u00fcr Anf\u00e4nger - BrazilianCulture.Art<\/title>\n<meta name=\"description\" content=\"Entdecken Sie die Raffinesse brasilianischer Kunstbewegungen, in denen sich \u00e4sthetische Erfindung, historische Tiefe und symbolische Kraft zu einzigartigen und eindrucksvollen Ausdrucksformen verbinden.\" \/>\n<meta name=\"robots\" content=\"index, follow, max-snippet:-1, max-image-preview:large, max-video-preview:-1\" \/>\n<link rel=\"canonical\" href=\"https:\/\/brazilianculture.art\/de\/brasilianische-kunstrichtungen\/\" \/>\n<meta property=\"og:locale\" content=\"de_DE\" \/>\n<meta property=\"og:type\" content=\"article\" \/>\n<meta property=\"og:title\" content=\"10 brasilianische Kunstrichtungen f\u00fcr Anf\u00e4nger - BrazilianCulture.Art\" \/>\n<meta property=\"og:description\" content=\"Entdecken Sie die Raffinesse brasilianischer Kunstbewegungen, in denen sich \u00e4sthetische Erfindung, historische Tiefe und symbolische Kraft zu einzigartigen und eindrucksvollen Ausdrucksformen verbinden.\" \/>\n<meta property=\"og:url\" content=\"https:\/\/brazilianculture.art\/de\/brasilianische-kunstrichtungen\/\" \/>\n<meta property=\"og:site_name\" content=\"BrazilianCulture.Art\" \/>\n<meta property=\"article:publisher\" content=\"https:\/\/www.facebook.com\/profile.php?id=100090895031360\" \/>\n<meta property=\"article:published_time\" content=\"2026-05-01T23:21:48+00:00\" \/>\n<meta property=\"article:modified_time\" content=\"2026-05-01T23:59:46+00:00\" \/>\n<meta property=\"og:image\" content=\"https:\/\/brazilianculture.art\/wp-content\/uploads\/2026\/04\/Batizado-de-Macunaima-1956-Oleo-sobre-tela-Tarsila-do-Amaral-scaled.jpeg\" \/>\n\t<meta property=\"og:image:width\" content=\"2560\" \/>\n\t<meta property=\"og:image:height\" content=\"1475\" \/>\n\t<meta property=\"og:image:type\" content=\"image\/jpeg\" \/>\n<meta name=\"author\" content=\"Julee Rom\u00e3o Silva\" \/>\n<meta name=\"twitter:card\" content=\"summary_large_image\" \/>\n<script type=\"application\/ld+json\" class=\"yoast-schema-graph\">{\"@context\":\"https:\\\/\\\/schema.org\",\"@graph\":[{\"@type\":\"Article\",\"@id\":\"https:\\\/\\\/brazilianculture.art\\\/de\\\/brasilianische-kunstrichtungen\\\/#article\",\"isPartOf\":{\"@id\":\"https:\\\/\\\/brazilianculture.art\\\/de\\\/brasilianische-kunstrichtungen\\\/\"},\"author\":{\"name\":\"Julee Rom\u00e3o Silva\",\"@id\":\"https:\\\/\\\/brazilianculture.art\\\/de\\\/#\\\/schema\\\/person\\\/84e55b3c1aaed72ecf026b867b5d6c9e\"},\"headline\":\"10 brasilianische Kunstrichtungen f\u00fcr Anf\u00e4nger\",\"datePublished\":\"2026-05-01T23:21:48+00:00\",\"dateModified\":\"2026-05-01T23:59:46+00:00\",\"mainEntityOfPage\":{\"@id\":\"https:\\\/\\\/brazilianculture.art\\\/de\\\/brasilianische-kunstrichtungen\\\/\"},\"wordCount\":29362,\"commentCount\":0,\"publisher\":{\"@id\":\"https:\\\/\\\/brazilianculture.art\\\/de\\\/#organization\"},\"image\":{\"@id\":\"https:\\\/\\\/brazilianculture.art\\\/de\\\/brasilianische-kunstrichtungen\\\/#primaryimage\"},\"thumbnailUrl\":\"https:\\\/\\\/brazilianculture.art\\\/wp-content\\\/uploads\\\/2026\\\/04\\\/Batizado-de-Macunaima-1956-Oleo-sobre-tela-Tarsila-do-Amaral-scaled.jpeg\",\"articleSection\":[\"Kunst und Kultur\"],\"inLanguage\":\"de\",\"potentialAction\":[{\"@type\":\"CommentAction\",\"name\":\"Comment\",\"target\":[\"https:\\\/\\\/brazilianculture.art\\\/de\\\/brasilianische-kunstrichtungen\\\/#respond\"]}]},{\"@type\":\"WebPage\",\"@id\":\"https:\\\/\\\/brazilianculture.art\\\/de\\\/brasilianische-kunstrichtungen\\\/\",\"url\":\"https:\\\/\\\/brazilianculture.art\\\/de\\\/brasilianische-kunstrichtungen\\\/\",\"name\":\"10 brasilianische Kunstrichtungen f\u00fcr Anf\u00e4nger - BrazilianCulture.Art\",\"isPartOf\":{\"@id\":\"https:\\\/\\\/brazilianculture.art\\\/de\\\/#website\"},\"primaryImageOfPage\":{\"@id\":\"https:\\\/\\\/brazilianculture.art\\\/de\\\/brasilianische-kunstrichtungen\\\/#primaryimage\"},\"image\":{\"@id\":\"https:\\\/\\\/brazilianculture.art\\\/de\\\/brasilianische-kunstrichtungen\\\/#primaryimage\"},\"thumbnailUrl\":\"https:\\\/\\\/brazilianculture.art\\\/wp-content\\\/uploads\\\/2026\\\/04\\\/Batizado-de-Macunaima-1956-Oleo-sobre-tela-Tarsila-do-Amaral-scaled.jpeg\",\"datePublished\":\"2026-05-01T23:21:48+00:00\",\"dateModified\":\"2026-05-01T23:59:46+00:00\",\"description\":\"Entdecken Sie die Raffinesse brasilianischer Kunstbewegungen, in denen sich \u00e4sthetische Erfindung, historische Tiefe und symbolische Kraft zu einzigartigen und eindrucksvollen Ausdrucksformen verbinden.\",\"breadcrumb\":{\"@id\":\"https:\\\/\\\/brazilianculture.art\\\/de\\\/brasilianische-kunstrichtungen\\\/#breadcrumb\"},\"inLanguage\":\"de\",\"potentialAction\":[{\"@type\":\"ReadAction\",\"target\":[\"https:\\\/\\\/brazilianculture.art\\\/de\\\/brasilianische-kunstrichtungen\\\/\"]}]},{\"@type\":\"ImageObject\",\"inLanguage\":\"de\",\"@id\":\"https:\\\/\\\/brazilianculture.art\\\/de\\\/brasilianische-kunstrichtungen\\\/#primaryimage\",\"url\":\"https:\\\/\\\/brazilianculture.art\\\/wp-content\\\/uploads\\\/2026\\\/04\\\/Batizado-de-Macunaima-1956-Oleo-sobre-tela-Tarsila-do-Amaral-scaled.jpeg\",\"contentUrl\":\"https:\\\/\\\/brazilianculture.art\\\/wp-content\\\/uploads\\\/2026\\\/04\\\/Batizado-de-Macunaima-1956-Oleo-sobre-tela-Tarsila-do-Amaral-scaled.jpeg\",\"width\":2560,\"height\":1475},{\"@type\":\"BreadcrumbList\",\"@id\":\"https:\\\/\\\/brazilianculture.art\\\/de\\\/brasilianische-kunstrichtungen\\\/#breadcrumb\",\"itemListElement\":[{\"@type\":\"ListItem\",\"position\":1,\"name\":\"Startseite\",\"item\":\"https:\\\/\\\/brazilianculture.art\\\/de\\\/\"},{\"@type\":\"ListItem\",\"position\":2,\"name\":\"10 brasilianische Kunstrichtungen f\u00fcr Anf\u00e4nger\"}]},{\"@type\":\"WebSite\",\"@id\":\"https:\\\/\\\/brazilianculture.art\\\/de\\\/#website\",\"url\":\"https:\\\/\\\/brazilianculture.art\\\/de\\\/\",\"name\":\"BrazilianCulture.Art\",\"description\":\"Feel the Planet Brazil\",\"publisher\":{\"@id\":\"https:\\\/\\\/brazilianculture.art\\\/de\\\/#organization\"},\"potentialAction\":[{\"@type\":\"SearchAction\",\"target\":{\"@type\":\"EntryPoint\",\"urlTemplate\":\"https:\\\/\\\/brazilianculture.art\\\/de\\\/?s={search_term_string}\"},\"query-input\":{\"@type\":\"PropertyValueSpecification\",\"valueRequired\":true,\"valueName\":\"search_term_string\"}}],\"inLanguage\":\"de\"},{\"@type\":\"Organization\",\"@id\":\"https:\\\/\\\/brazilianculture.art\\\/de\\\/#organization\",\"name\":\"BrazilianCulture.Art\",\"url\":\"https:\\\/\\\/brazilianculture.art\\\/de\\\/\",\"logo\":{\"@type\":\"ImageObject\",\"inLanguage\":\"de\",\"@id\":\"https:\\\/\\\/brazilianculture.art\\\/de\\\/#\\\/schema\\\/logo\\\/image\\\/\",\"url\":\"https:\\\/\\\/brazilianculture.art\\\/wp-content\\\/uploads\\\/2023\\\/04\\\/Brazilian-culture-.art-2.png\",\"contentUrl\":\"https:\\\/\\\/brazilianculture.art\\\/wp-content\\\/uploads\\\/2023\\\/04\\\/Brazilian-culture-.art-2.png\",\"width\":1080,\"height\":1080,\"caption\":\"BrazilianCulture.Art\"},\"image\":{\"@id\":\"https:\\\/\\\/brazilianculture.art\\\/de\\\/#\\\/schema\\\/logo\\\/image\\\/\"},\"sameAs\":[\"https:\\\/\\\/www.facebook.com\\\/profile.php?id=100090895031360\",\"https:\\\/\\\/www.instagram.com\\\/brazilianculture.art\\\/\"]},{\"@type\":\"Person\",\"@id\":\"https:\\\/\\\/brazilianculture.art\\\/de\\\/#\\\/schema\\\/person\\\/84e55b3c1aaed72ecf026b867b5d6c9e\",\"name\":\"Julee Rom\u00e3o Silva\",\"image\":{\"@type\":\"ImageObject\",\"inLanguage\":\"de\",\"@id\":\"https:\\\/\\\/secure.gravatar.com\\\/avatar\\\/f513ba16a17621dcaa2298ec0ee5fbaa68e10214c331fa8e360d0bcac9d4ed9d?s=96&d=mm&r=g\",\"url\":\"https:\\\/\\\/secure.gravatar.com\\\/avatar\\\/f513ba16a17621dcaa2298ec0ee5fbaa68e10214c331fa8e360d0bcac9d4ed9d?s=96&d=mm&r=g\",\"contentUrl\":\"https:\\\/\\\/secure.gravatar.com\\\/avatar\\\/f513ba16a17621dcaa2298ec0ee5fbaa68e10214c331fa8e360d0bcac9d4ed9d?s=96&d=mm&r=g\",\"caption\":\"Julee Rom\u00e3o Silva\"}}]}<\/script>\n<!-- \/ Yoast SEO plugin. -->","yoast_head_json":{"title":"10 brasilianische Kunstrichtungen f\u00fcr Anf\u00e4nger - BrazilianCulture.Art","description":"Entdecken Sie die Raffinesse brasilianischer Kunstbewegungen, in denen sich \u00e4sthetische Erfindung, historische Tiefe und symbolische Kraft zu einzigartigen und eindrucksvollen Ausdrucksformen verbinden.","robots":{"index":"index","follow":"follow","max-snippet":"max-snippet:-1","max-image-preview":"max-image-preview:large","max-video-preview":"max-video-preview:-1"},"canonical":"https:\/\/brazilianculture.art\/de\/brasilianische-kunstrichtungen\/","og_locale":"de_DE","og_type":"article","og_title":"10 brasilianische Kunstrichtungen f\u00fcr Anf\u00e4nger - BrazilianCulture.Art","og_description":"Entdecken Sie die Raffinesse brasilianischer Kunstbewegungen, in denen sich \u00e4sthetische Erfindung, historische Tiefe und symbolische Kraft zu einzigartigen und eindrucksvollen Ausdrucksformen verbinden.","og_url":"https:\/\/brazilianculture.art\/de\/brasilianische-kunstrichtungen\/","og_site_name":"BrazilianCulture.Art","article_publisher":"https:\/\/www.facebook.com\/profile.php?id=100090895031360","article_published_time":"2026-05-01T23:21:48+00:00","article_modified_time":"2026-05-01T23:59:46+00:00","og_image":[{"width":2560,"height":1475,"url":"https:\/\/brazilianculture.art\/wp-content\/uploads\/2026\/04\/Batizado-de-Macunaima-1956-Oleo-sobre-tela-Tarsila-do-Amaral-scaled.jpeg","type":"image\/jpeg"}],"author":"Julee Rom\u00e3o Silva","twitter_card":"summary_large_image","schema":{"@context":"https:\/\/schema.org","@graph":[{"@type":"Article","@id":"https:\/\/brazilianculture.art\/de\/brasilianische-kunstrichtungen\/#article","isPartOf":{"@id":"https:\/\/brazilianculture.art\/de\/brasilianische-kunstrichtungen\/"},"author":{"name":"Julee Rom\u00e3o Silva","@id":"https:\/\/brazilianculture.art\/de\/#\/schema\/person\/84e55b3c1aaed72ecf026b867b5d6c9e"},"headline":"10 brasilianische Kunstrichtungen f\u00fcr Anf\u00e4nger","datePublished":"2026-05-01T23:21:48+00:00","dateModified":"2026-05-01T23:59:46+00:00","mainEntityOfPage":{"@id":"https:\/\/brazilianculture.art\/de\/brasilianische-kunstrichtungen\/"},"wordCount":29362,"commentCount":0,"publisher":{"@id":"https:\/\/brazilianculture.art\/de\/#organization"},"image":{"@id":"https:\/\/brazilianculture.art\/de\/brasilianische-kunstrichtungen\/#primaryimage"},"thumbnailUrl":"https:\/\/brazilianculture.art\/wp-content\/uploads\/2026\/04\/Batizado-de-Macunaima-1956-Oleo-sobre-tela-Tarsila-do-Amaral-scaled.jpeg","articleSection":["Kunst und Kultur"],"inLanguage":"de","potentialAction":[{"@type":"CommentAction","name":"Comment","target":["https:\/\/brazilianculture.art\/de\/brasilianische-kunstrichtungen\/#respond"]}]},{"@type":"WebPage","@id":"https:\/\/brazilianculture.art\/de\/brasilianische-kunstrichtungen\/","url":"https:\/\/brazilianculture.art\/de\/brasilianische-kunstrichtungen\/","name":"10 brasilianische Kunstrichtungen f\u00fcr Anf\u00e4nger - BrazilianCulture.Art","isPartOf":{"@id":"https:\/\/brazilianculture.art\/de\/#website"},"primaryImageOfPage":{"@id":"https:\/\/brazilianculture.art\/de\/brasilianische-kunstrichtungen\/#primaryimage"},"image":{"@id":"https:\/\/brazilianculture.art\/de\/brasilianische-kunstrichtungen\/#primaryimage"},"thumbnailUrl":"https:\/\/brazilianculture.art\/wp-content\/uploads\/2026\/04\/Batizado-de-Macunaima-1956-Oleo-sobre-tela-Tarsila-do-Amaral-scaled.jpeg","datePublished":"2026-05-01T23:21:48+00:00","dateModified":"2026-05-01T23:59:46+00:00","description":"Entdecken Sie die Raffinesse brasilianischer Kunstbewegungen, in denen sich \u00e4sthetische Erfindung, historische Tiefe und symbolische Kraft zu einzigartigen und eindrucksvollen Ausdrucksformen verbinden.","breadcrumb":{"@id":"https:\/\/brazilianculture.art\/de\/brasilianische-kunstrichtungen\/#breadcrumb"},"inLanguage":"de","potentialAction":[{"@type":"ReadAction","target":["https:\/\/brazilianculture.art\/de\/brasilianische-kunstrichtungen\/"]}]},{"@type":"ImageObject","inLanguage":"de","@id":"https:\/\/brazilianculture.art\/de\/brasilianische-kunstrichtungen\/#primaryimage","url":"https:\/\/brazilianculture.art\/wp-content\/uploads\/2026\/04\/Batizado-de-Macunaima-1956-Oleo-sobre-tela-Tarsila-do-Amaral-scaled.jpeg","contentUrl":"https:\/\/brazilianculture.art\/wp-content\/uploads\/2026\/04\/Batizado-de-Macunaima-1956-Oleo-sobre-tela-Tarsila-do-Amaral-scaled.jpeg","width":2560,"height":1475},{"@type":"BreadcrumbList","@id":"https:\/\/brazilianculture.art\/de\/brasilianische-kunstrichtungen\/#breadcrumb","itemListElement":[{"@type":"ListItem","position":1,"name":"Startseite","item":"https:\/\/brazilianculture.art\/de\/"},{"@type":"ListItem","position":2,"name":"10 brasilianische Kunstrichtungen f\u00fcr Anf\u00e4nger"}]},{"@type":"WebSite","@id":"https:\/\/brazilianculture.art\/de\/#website","url":"https:\/\/brazilianculture.art\/de\/","name":"BrazilianCulture.Art","description":"Feel the Planet Brazil","publisher":{"@id":"https:\/\/brazilianculture.art\/de\/#organization"},"potentialAction":[{"@type":"SearchAction","target":{"@type":"EntryPoint","urlTemplate":"https:\/\/brazilianculture.art\/de\/?s={search_term_string}"},"query-input":{"@type":"PropertyValueSpecification","valueRequired":true,"valueName":"search_term_string"}}],"inLanguage":"de"},{"@type":"Organization","@id":"https:\/\/brazilianculture.art\/de\/#organization","name":"BrazilianCulture.Art","url":"https:\/\/brazilianculture.art\/de\/","logo":{"@type":"ImageObject","inLanguage":"de","@id":"https:\/\/brazilianculture.art\/de\/#\/schema\/logo\/image\/","url":"https:\/\/brazilianculture.art\/wp-content\/uploads\/2023\/04\/Brazilian-culture-.art-2.png","contentUrl":"https:\/\/brazilianculture.art\/wp-content\/uploads\/2023\/04\/Brazilian-culture-.art-2.png","width":1080,"height":1080,"caption":"BrazilianCulture.Art"},"image":{"@id":"https:\/\/brazilianculture.art\/de\/#\/schema\/logo\/image\/"},"sameAs":["https:\/\/www.facebook.com\/profile.php?id=100090895031360","https:\/\/www.instagram.com\/brazilianculture.art\/"]},{"@type":"Person","@id":"https:\/\/brazilianculture.art\/de\/#\/schema\/person\/84e55b3c1aaed72ecf026b867b5d6c9e","name":"Julee Rom\u00e3o Silva","image":{"@type":"ImageObject","inLanguage":"de","@id":"https:\/\/secure.gravatar.com\/avatar\/f513ba16a17621dcaa2298ec0ee5fbaa68e10214c331fa8e360d0bcac9d4ed9d?s=96&d=mm&r=g","url":"https:\/\/secure.gravatar.com\/avatar\/f513ba16a17621dcaa2298ec0ee5fbaa68e10214c331fa8e360d0bcac9d4ed9d?s=96&d=mm&r=g","contentUrl":"https:\/\/secure.gravatar.com\/avatar\/f513ba16a17621dcaa2298ec0ee5fbaa68e10214c331fa8e360d0bcac9d4ed9d?s=96&d=mm&r=g","caption":"Julee Rom\u00e3o Silva"}}]}},"_links":{"self":[{"href":"https:\/\/brazilianculture.art\/de\/wp-json\/wp\/v2\/posts\/7255","targetHints":{"allow":["GET"]}}],"collection":[{"href":"https:\/\/brazilianculture.art\/de\/wp-json\/wp\/v2\/posts"}],"about":[{"href":"https:\/\/brazilianculture.art\/de\/wp-json\/wp\/v2\/types\/post"}],"author":[{"embeddable":true,"href":"https:\/\/brazilianculture.art\/de\/wp-json\/wp\/v2\/users\/3"}],"replies":[{"embeddable":true,"href":"https:\/\/brazilianculture.art\/de\/wp-json\/wp\/v2\/comments?post=7255"}],"version-history":[{"count":14,"href":"https:\/\/brazilianculture.art\/de\/wp-json\/wp\/v2\/posts\/7255\/revisions"}],"predecessor-version":[{"id":7639,"href":"https:\/\/brazilianculture.art\/de\/wp-json\/wp\/v2\/posts\/7255\/revisions\/7639"}],"wp:featuredmedia":[{"embeddable":true,"href":"https:\/\/brazilianculture.art\/de\/wp-json\/wp\/v2\/media\/7592"}],"wp:attachment":[{"href":"https:\/\/brazilianculture.art\/de\/wp-json\/wp\/v2\/media?parent=7255"}],"wp:term":[{"taxonomy":"category","embeddable":true,"href":"https:\/\/brazilianculture.art\/de\/wp-json\/wp\/v2\/categories?post=7255"},{"taxonomy":"post_tag","embeddable":true,"href":"https:\/\/brazilianculture.art\/de\/wp-json\/wp\/v2\/tags?post=7255"}],"curies":[{"name":"wp","href":"https:\/\/api.w.org\/{rel}","templated":true}]}}