{"id":7251,"date":"2026-05-02T01:21:48","date_gmt":"2026-05-01T23:21:48","guid":{"rendered":"https:\/\/brazilianculture.art\/?p=7251"},"modified":"2026-05-02T01:58:13","modified_gmt":"2026-05-01T23:58:13","slug":"brazilian-artistic-movements","status":"publish","type":"post","link":"https:\/\/brazilianculture.art\/en\/brazilian-artistic-movements\/","title":{"rendered":"10 Brazilian Artistic Movements for Beginners"},"content":{"rendered":"<p><div class=\"fusion-fullwidth fullwidth-box fusion-builder-row-1 fusion-flex-container has-pattern-background has-mask-background nonhundred-percent-fullwidth non-hundred-percent-height-scrolling\" style=\"--awb-border-radius-top-left:0px;--awb-border-radius-top-right:0px;--awb-border-radius-bottom-right:0px;--awb-border-radius-bottom-left:0px;--awb-flex-wrap:wrap;\" ><div class=\"fusion-builder-row fusion-row fusion-flex-align-items-flex-start fusion-flex-content-wrap\" style=\"max-width:1331.2px;margin-left: calc(-4% \/ 2 );margin-right: calc(-4% \/ 2 );\"><div class=\"fusion-layout-column fusion_builder_column fusion-builder-column-0 fusion_builder_column_1_1 1_1 fusion-flex-column\" style=\"--awb-bg-size:cover;--awb-width-large:100%;--awb-margin-top-large:20px;--awb-spacing-right-large:1.92%;--awb-margin-bottom-large:20px;--awb-spacing-left-large:1.92%;--awb-width-medium:100%;--awb-order-medium:0;--awb-spacing-right-medium:1.92%;--awb-spacing-left-medium:1.92%;--awb-width-small:100%;--awb-order-small:0;--awb-spacing-right-small:1.92%;--awb-spacing-left-small:1.92%;\"><div class=\"fusion-column-wrapper fusion-column-has-shadow fusion-flex-justify-content-flex-start fusion-content-layout-column\"><div class=\"fusion-text fusion-text-1\"><p><strong>Table of Contents<\/strong><\/p>\n<\/div><div class=\"awb-toc-el awb-toc-el--1\" data-awb-toc-id=\"1\" data-awb-toc-options=\"{&quot;allowed_heading_tags&quot;:{&quot;h2&quot;:0,&quot;h3&quot;:1},&quot;ignore_headings&quot;:&quot;.related-posts *, .comment-respond *&quot;,&quot;ignore_headings_words&quot;:&quot;&quot;,&quot;enable_cache&quot;:&quot;yes&quot;,&quot;highlight_current_heading&quot;:&quot;no&quot;,&quot;hide_hidden_titles&quot;:&quot;yes&quot;,&quot;limit_container&quot;:&quot;all&quot;,&quot;select_custom_headings&quot;:&quot;.post-content&quot;,&quot;icon&quot;:&quot;fa-flag fas&quot;,&quot;counter_type&quot;:&quot;decimal&quot;}\" style=\"--awb-counter-type:counters(awb-toc, &quot;.&quot;, decimal) &quot;. &quot;;\"><div class=\"awb-toc-el__content\"><ul class=\"awb-toc-el__list awb-toc-el__list--0\"><li class=\"awb-toc-el__list-item\"><\/li><li class=\"awb-toc-el__list-item\"><a class=\"awb-toc-el__item-anchor\" href=\"#toc_Armorial_Movement\"><span>Armorial Movement<\/span><\/a><\/li><li class=\"awb-toc-el__list-item\"><a class=\"awb-toc-el__item-anchor\" href=\"#toc_Brazilian_modernism\"><span>Brazilian modernism<\/span><\/a><\/li><li class=\"awb-toc-el__list-item\"><a class=\"awb-toc-el__item-anchor\" href=\"#toc_Baroque\"><span>Baroque<\/span><\/a><\/li><li class=\"awb-toc-el__list-item\"><a class=\"awb-toc-el__item-anchor\" href=\"#toc_Tropicalia\"><span>Tropicalia<\/span><\/a><\/li><li class=\"awb-toc-el__list-item\"><a class=\"awb-toc-el__item-anchor\" href=\"#toc_Brazilian_Concretism\"><span>Brazilian Concretism<\/span><\/a><\/li><li class=\"awb-toc-el__list-item\"><a class=\"awb-toc-el__item-anchor\" href=\"#toc_Neoconcretism\"><span>Neoconcretism<\/span><\/a><\/li><li class=\"awb-toc-el__list-item\"><a class=\"awb-toc-el__item-anchor\" href=\"#toc_Anthropophagy\"><span>Anthropophagy<\/span><\/a><\/li><li class=\"awb-toc-el__list-item\"><a class=\"awb-toc-el__item-anchor\" href=\"#toc_Cyberagreste\"><span>Cyberagreste<\/span><\/a><\/li><li class=\"awb-toc-el__list-item\"><a class=\"awb-toc-el__item-anchor\" href=\"#toc_Brazilian_Expressionism\"><span>Brazilian Expressionism<\/span><\/a><\/li><li class=\"awb-toc-el__list-item\"><a class=\"awb-toc-el__item-anchor\" href=\"#toc_Graffiti\"><span>Graffiti<\/span><\/a><\/li><\/ul><\/div><\/div><div class=\"fusion-title title fusion-title-1 fusion-sep-none fusion-title-text fusion-title-size-two\" style=\"--awb-margin-top-small:20px;--awb-margin-bottom-small:10px;\"><h2 class=\"fusion-title-heading title-heading-left fusion-responsive-typography-calculated\" style=\"margin:0;--fontSize:60;line-height:1.18;\"><h1>Introduction<\/h1><\/h2><\/div><div class=\"fusion-text fusion-text-2\"><p><span data-contrast=\"auto\">Brazilian art is marked by a diversity of languages, influences, and historical contexts that reflect the country\u2019s cultural complexity. Over time, different artistic movements have emerged as responses to social, political, and aesthetic transformations, proposing new ways of seeing, feeling, and representing Brazil. Some of these movements sought to break away from traditional standards, while others aimed to value elements of popular, regional, or urban culture, contributing to the construction of a plural artistic identity in constant transformation. <\/span><\/p>\n<p><span data-contrast=\"auto\">This article aims to present ten Brazilian artistic movements in an accessible and introductory way, especially designed for those beginning to take an interest in the subject. It highlights their main characteristics and contexts, seeking to spark curiosity and encourage a deeper exploration of this rich and dynamic universe of the arts in Brazil.<\/span><\/p>\n<\/div><\/div><\/div><\/div><\/div><div class=\"fusion-fullwidth fullwidth-box fusion-builder-row-2 fusion-flex-container has-pattern-background has-mask-background nonhundred-percent-fullwidth non-hundred-percent-height-scrolling\" style=\"--awb-border-radius-top-left:0px;--awb-border-radius-top-right:0px;--awb-border-radius-bottom-right:0px;--awb-border-radius-bottom-left:0px;--awb-flex-wrap:wrap;\" ><div class=\"fusion-builder-row fusion-row fusion-flex-align-items-flex-start fusion-flex-content-wrap\" style=\"max-width:1331.2px;margin-left: calc(-4% \/ 2 );margin-right: calc(-4% \/ 2 );\"><div class=\"fusion-layout-column fusion_builder_column fusion-builder-column-1 fusion_builder_column_1_2 1_2 fusion-flex-column\" style=\"--awb-bg-size:cover;--awb-width-large:50%;--awb-margin-top-large:20px;--awb-spacing-right-large:3.84%;--awb-margin-bottom-large:20px;--awb-spacing-left-large:3.84%;--awb-width-medium:100%;--awb-order-medium:0;--awb-spacing-right-medium:1.92%;--awb-spacing-left-medium:1.92%;--awb-width-small:100%;--awb-order-small:0;--awb-spacing-right-small:1.92%;--awb-spacing-left-small:1.92%;\"><div class=\"fusion-column-wrapper fusion-column-has-shadow fusion-flex-justify-content-flex-start fusion-content-layout-column\"><\/div><\/div><\/div><\/div><div class=\"fusion-fullwidth fullwidth-box fusion-builder-row-3 fusion-flex-container has-pattern-background has-mask-background nonhundred-percent-fullwidth non-hundred-percent-height-scrolling\" style=\"--awb-border-radius-top-left:0px;--awb-border-radius-top-right:0px;--awb-border-radius-bottom-right:0px;--awb-border-radius-bottom-left:0px;--awb-flex-wrap:wrap;\" ><div class=\"fusion-builder-row fusion-row fusion-flex-align-items-flex-start fusion-flex-content-wrap\" style=\"max-width:1331.2px;margin-left: calc(-4% \/ 2 );margin-right: calc(-4% \/ 2 );\"><div class=\"fusion-layout-column fusion_builder_column fusion-builder-column-2 fusion_builder_column_1_1 1_1 fusion-flex-column\" style=\"--awb-bg-size:cover;--awb-width-large:100%;--awb-margin-top-large:20px;--awb-spacing-right-large:1.92%;--awb-margin-bottom-large:20px;--awb-spacing-left-large:1.92%;--awb-width-medium:100%;--awb-order-medium:0;--awb-spacing-right-medium:1.92%;--awb-spacing-left-medium:1.92%;--awb-width-small:100%;--awb-order-small:0;--awb-spacing-right-small:1.92%;--awb-spacing-left-small:1.92%;\"><div class=\"fusion-column-wrapper fusion-column-has-shadow fusion-flex-justify-content-flex-start fusion-content-layout-column\"><div class=\"fusion-title title fusion-title-2 fusion-sep-none fusion-title-text fusion-title-size-two\" style=\"--awb-margin-top-small:20px;--awb-margin-bottom-small:10px;\"><h2 class=\"fusion-title-heading title-heading-left fusion-responsive-typography-calculated\" style=\"margin:0;--fontSize:60;line-height:1.18;\"><strong>Armorial Movement<\/strong><\/h2><\/div><div class=\"fusion-image-element awb-imageframe-style awb-imageframe-style-below awb-imageframe-style-1\" style=\"--awb-caption-title-font-family:var(--h5_typography-font-family);--awb-caption-title-font-weight:var(--h5_typography-font-weight);--awb-caption-title-font-style:var(--h5_typography-font-style);--awb-caption-title-size:var(--h5_typography-font-size);--awb-caption-title-transform:var(--h5_typography-text-transform);--awb-caption-title-line-height:var(--h5_typography-line-height);--awb-caption-title-letter-spacing:var(--h5_typography-letter-spacing);\"><span class=\" fusion-imageframe imageframe-none imageframe-1 hover-type-none\"><img decoding=\"async\" width=\"1920\" height=\"1080\" title=\"Ariano e Quinteto Armorial.\" src=\"https:\/\/brazilianculture.art\/wp-content\/uploads\/2026\/04\/Copia_de_Ariano_e_Quinteto_Armorial_4.png.1920x0_q85_crop.jpg\" data-orig-src=\"https:\/\/brazilianculture.art\/wp-content\/uploads\/2026\/04\/Copia_de_Ariano_e_Quinteto_Armorial_4.png.1920x0_q85_crop.jpg\" alt class=\"lazyload img-responsive wp-image-7171\" srcset=\"data:image\/svg+xml,%3Csvg%20xmlns%3D%27http%3A%2F%2Fwww.w3.org%2F2000%2Fsvg%27%20width%3D%271920%27%20height%3D%271080%27%20viewBox%3D%270%200%201920%201080%27%3E%3Crect%20width%3D%271920%27%20height%3D%271080%27%20fill-opacity%3D%220%22%2F%3E%3C%2Fsvg%3E\" data-srcset=\"https:\/\/brazilianculture.art\/wp-content\/uploads\/2026\/04\/Copia_de_Ariano_e_Quinteto_Armorial_4.png.1920x0_q85_crop-200x113.jpg 200w, https:\/\/brazilianculture.art\/wp-content\/uploads\/2026\/04\/Copia_de_Ariano_e_Quinteto_Armorial_4.png.1920x0_q85_crop-400x225.jpg 400w, https:\/\/brazilianculture.art\/wp-content\/uploads\/2026\/04\/Copia_de_Ariano_e_Quinteto_Armorial_4.png.1920x0_q85_crop-600x338.jpg 600w, https:\/\/brazilianculture.art\/wp-content\/uploads\/2026\/04\/Copia_de_Ariano_e_Quinteto_Armorial_4.png.1920x0_q85_crop-800x450.jpg 800w, https:\/\/brazilianculture.art\/wp-content\/uploads\/2026\/04\/Copia_de_Ariano_e_Quinteto_Armorial_4.png.1920x0_q85_crop-1200x675.jpg 1200w, https:\/\/brazilianculture.art\/wp-content\/uploads\/2026\/04\/Copia_de_Ariano_e_Quinteto_Armorial_4.png.1920x0_q85_crop.jpg 1920w\" data-sizes=\"auto\" data-orig-sizes=\"(max-width: 1024px) 100vw, (max-width: 640px) 100vw, 1920px\" \/><\/span><div class=\"awb-imageframe-caption-container\" style=\"text-align:center;\"><div class=\"awb-imageframe-caption\"><h5 class=\"awb-imageframe-caption-title\">Ariano e Quinteto Armorial.<\/h5><p class=\"awb-imageframe-caption-text\">Apresenta\u00e7\u00e3o ligada ao Quinteto Armorial, dos anos 1970 que materializava os princ\u00edpios do movimento na m\u00fasica.<\/p><\/div><\/div><\/div><\/div><\/div><div class=\"fusion-layout-column fusion_builder_column fusion-builder-column-3 fusion_builder_column_1_1 1_1 fusion-flex-column\" style=\"--awb-bg-size:cover;--awb-width-large:100%;--awb-margin-top-large:20px;--awb-spacing-right-large:1.92%;--awb-margin-bottom-large:20px;--awb-spacing-left-large:1.92%;--awb-width-medium:100%;--awb-order-medium:0;--awb-spacing-right-medium:1.92%;--awb-spacing-left-medium:1.92%;--awb-width-small:100%;--awb-order-small:0;--awb-spacing-right-small:1.92%;--awb-spacing-left-small:1.92%;\"><div class=\"fusion-column-wrapper fusion-column-has-shadow fusion-flex-justify-content-flex-start fusion-content-layout-column\"><div class=\"fusion-text fusion-text-3\"><p><span style=\"font-weight: 400;\">The Armorial Movement emerged in Brazil in the 1970s from writer Ariano Suassuna&#8217;s vision of formulating a refined artistic language that was deeply connected to the popular roots of the Northeast. Instead of treating cordel literature, the viola, woodcutting and the romance tradition as merely folkloric manifestations, the movement reworked them as the foundation of a sophisticated, symbolic and visually striking aesthetic. Its singular strength lies precisely in this operation: elevating popular cultural forms to a field of high artistic elaboration. <\/span><\/p>\n<p><span style=\"font-weight: 400;\">On an aesthetic level, the Armorial Movement is defined by its linear ornamentation, compositional symmetry, heraldic stylization and the recurring presence of signs from the imagery of chivalry, religion and the sertanejo. His visual vocabulary often incorporates arabesques, coats of arms, emblems, hybrid figures, fantastic animals and frontal compositions, as well as a graphic synthesis closely linked to popular woodcut traditions. Color, when it appears, tends towards restraint or rigorously articulated contrast, while the drawing favors clear contours, decorative rhythms and a markedly two-dimensional structure. Rather than pursuing naturalism, the armorial image operates through symbolic density, converging ornament, narrative and sign in the same visual field. <\/span><\/p>\n<p><span style=\"font-weight: 400;\">More than a style, Armorial also proposes a broader conception of culture: that Brazilian artistic production can achieve sophistication without detaching itself from its popular origins. For those who are beginning to approach art with greater attention, the movement offers an especially valuable key: understanding that tradition, identity and formal refinement are not opposing forces, but elements capable of coexisting and producing works of remarkable singularity in the global cultural panorama. <\/span><\/p>\n<\/div><\/div><\/div><\/div><\/div><div class=\"fusion-fullwidth fullwidth-box fusion-builder-row-4 fusion-flex-container has-pattern-background has-mask-background nonhundred-percent-fullwidth non-hundred-percent-height-scrolling\" style=\"--awb-border-radius-top-left:0px;--awb-border-radius-top-right:0px;--awb-border-radius-bottom-right:0px;--awb-border-radius-bottom-left:0px;--awb-flex-wrap:wrap;\" ><div class=\"fusion-builder-row fusion-row fusion-flex-align-items-flex-start fusion-flex-content-wrap\" style=\"max-width:1331.2px;margin-left: calc(-4% \/ 2 );margin-right: calc(-4% \/ 2 );\"><div class=\"fusion-layout-column fusion_builder_column fusion-builder-column-4 fusion_builder_column_1_2 1_2 fusion-flex-column\" style=\"--awb-bg-size:cover;--awb-width-large:50%;--awb-margin-top-large:20px;--awb-spacing-right-large:3.84%;--awb-margin-bottom-large:20px;--awb-spacing-left-large:3.84%;--awb-width-medium:100%;--awb-order-medium:0;--awb-spacing-right-medium:1.92%;--awb-spacing-left-medium:1.92%;--awb-width-small:100%;--awb-order-small:0;--awb-spacing-right-small:1.92%;--awb-spacing-left-small:1.92%;\"><div class=\"fusion-column-wrapper fusion-column-has-shadow fusion-flex-justify-content-flex-start fusion-content-layout-column\"><div class=\"fusion-title title fusion-title-3 fusion-sep-none fusion-title-text fusion-title-size-two\" style=\"--awb-margin-top-small:20px;--awb-margin-bottom-small:10px;\"><h2 class=\"fusion-title-heading title-heading-left fusion-responsive-typography-calculated\" style=\"margin:0;--fontSize:60;line-height:1.18;\"><strong>Brazilian modernism<\/strong><\/h2><\/div><div class=\"fusion-text fusion-text-4\"><p data-start=\"0\" data-end=\"579\">Brazilian Modernism was a decisive moment of artistic renewal throughout the twentieth century, particularly from the 1920s onward. During this period, artists and intellectuals began to challenge traditional academic models and to seek a language more aligned with Brazil\u2019s social, urban, and cultural transformations. Although it engaged with European avant-garde movements, it did not merely imitate them; instead, it reinterpreted these influences through local concerns, transforming Modernism into a broader project of redefining Brazilian culture.<\/p>\n<p data-start=\"581\" data-end=\"1374\">On a visual level, Modernism is characterized by the simplification of forms, compositional freedom, the rejection of academic naturalism, and the valorization of more inventive formal solutions. Stronger colors, the geometrization of figures, the fragmentation of representation, and the construction of images with greater formal autonomy became increasingly common. At the same time, the movement turned its attention to themes related to everyday life, the national landscape, popular figures, and the processes of urban modernization, bringing to the center of art elements that had previously occupied a secondary role. In artists such as Tarsila do Amaral, Anita Malfatti, and Di Cavalcanti, these choices reveal the effort to construct a modern visual language without abandoning Brazilian references.<\/p>\n<p data-start=\"1376\" data-end=\"1960\" data-is-last-node=\"\" data-is-only-node=\"\">The importance of Brazilian Modernism lies in its ability to transform the criteria of artistic value and to open new paths for thinking about the country\u2019s cultural identity. By engaging with European influence without relinquishing international dialogue, the movement contributed to the consolidation of a more autonomous modern art in Brazil. Its impact extends beyond painting and sculpture, reaching architecture, literature, design, and cultural criticism. For this reason, Modernism remains a central reference for understanding the formation of Brazilian art in the twentieth century.<\/p>\n<\/div><\/div><\/div><div class=\"fusion-layout-column fusion_builder_column fusion-builder-column-5 fusion_builder_column_1_2 1_2 fusion-flex-column\" style=\"--awb-bg-size:cover;--awb-width-large:50%;--awb-margin-top-large:20px;--awb-spacing-right-large:3.84%;--awb-margin-bottom-large:20px;--awb-spacing-left-large:3.84%;--awb-width-medium:100%;--awb-order-medium:0;--awb-spacing-right-medium:1.92%;--awb-spacing-left-medium:1.92%;--awb-width-small:100%;--awb-order-small:0;--awb-spacing-right-small:1.92%;--awb-spacing-left-small:1.92%;\"><div class=\"fusion-column-wrapper fusion-column-has-shadow fusion-flex-justify-content-flex-start fusion-content-layout-column\"><div class=\"fusion-image-element awb-imageframe-style awb-imageframe-style-below awb-imageframe-style-2\" style=\"--awb-caption-title-font-family:var(--h4_typography-font-family);--awb-caption-title-font-weight:var(--h4_typography-font-weight);--awb-caption-title-font-style:var(--h4_typography-font-style);--awb-caption-title-size:var(--h4_typography-font-size);--awb-caption-title-transform:var(--h4_typography-text-transform);--awb-caption-title-line-height:var(--h4_typography-line-height);--awb-caption-title-letter-spacing:var(--h4_typography-letter-spacing);\"><span class=\" fusion-imageframe imageframe-none imageframe-2 hover-type-none\"><img decoding=\"async\" width=\"1023\" height=\"726\" title=\"\u201cOper\u00e1rios\u201d\" src=\"https:\/\/brazilianculture.art\/wp-content\/uploads\/2026\/04\/54164674090_e0566d122d_b.jpg\" data-orig-src=\"https:\/\/brazilianculture.art\/wp-content\/uploads\/2026\/04\/54164674090_e0566d122d_b.jpg\" alt class=\"lazyload img-responsive wp-image-7191\" srcset=\"data:image\/svg+xml,%3Csvg%20xmlns%3D%27http%3A%2F%2Fwww.w3.org%2F2000%2Fsvg%27%20width%3D%271023%27%20height%3D%27726%27%20viewBox%3D%270%200%201023%20726%27%3E%3Crect%20width%3D%271023%27%20height%3D%27726%27%20fill-opacity%3D%220%22%2F%3E%3C%2Fsvg%3E\" data-srcset=\"https:\/\/brazilianculture.art\/wp-content\/uploads\/2026\/04\/54164674090_e0566d122d_b-200x142.jpg 200w, https:\/\/brazilianculture.art\/wp-content\/uploads\/2026\/04\/54164674090_e0566d122d_b-400x284.jpg 400w, https:\/\/brazilianculture.art\/wp-content\/uploads\/2026\/04\/54164674090_e0566d122d_b-600x426.jpg 600w, https:\/\/brazilianculture.art\/wp-content\/uploads\/2026\/04\/54164674090_e0566d122d_b-800x568.jpg 800w, https:\/\/brazilianculture.art\/wp-content\/uploads\/2026\/04\/54164674090_e0566d122d_b.jpg 1023w\" data-sizes=\"auto\" data-orig-sizes=\"(max-width: 1024px) 100vw, (max-width: 640px) 100vw, 800px\" \/><\/span><div class=\"awb-imageframe-caption-container\" style=\"text-align:center;\"><div class=\"awb-imageframe-caption\"><h4 class=\"awb-imageframe-caption-title\">\u201cOper\u00e1rios\u201d<\/h4><p class=\"awb-imageframe-caption-text\">Pintada por Tarsila do Amaral em 1933.<\/p><\/div><\/div><\/div><div class=\"fusion-image-element awb-imageframe-style awb-imageframe-style-below awb-imageframe-style-3\" style=\"--awb-caption-title-font-family:var(--h4_typography-font-family);--awb-caption-title-font-weight:var(--h4_typography-font-weight);--awb-caption-title-font-style:var(--h4_typography-font-style);--awb-caption-title-size:var(--h4_typography-font-size);--awb-caption-title-transform:var(--h4_typography-text-transform);--awb-caption-title-line-height:var(--h4_typography-line-height);--awb-caption-title-letter-spacing:var(--h4_typography-letter-spacing);\"><span class=\" fusion-imageframe imageframe-none imageframe-3 hover-type-none\"><img decoding=\"async\" width=\"1023\" height=\"746\" title=\"\u201cA Caipirinha\u201d\" src=\"data:image\/svg+xml,%3Csvg%20xmlns%3D%27http%3A%2F%2Fwww.w3.org%2F2000%2Fsvg%27%20width%3D%271023%27%20height%3D%27746%27%20viewBox%3D%270%200%201023%20746%27%3E%3Crect%20width%3D%271023%27%20height%3D%27746%27%20fill-opacity%3D%220%22%2F%3E%3C%2Fsvg%3E\" data-orig-src=\"https:\/\/brazilianculture.art\/wp-content\/uploads\/2026\/04\/54161773378_cf84cf4c2b_b-e1775095346657.jpg\" alt class=\"lazyload img-responsive wp-image-7177\"\/><\/span><div class=\"awb-imageframe-caption-container\" style=\"text-align:center;\"><div class=\"awb-imageframe-caption\"><h4 class=\"awb-imageframe-caption-title\">\u201cA Caipirinha\u201d<\/h4><p class=\"awb-imageframe-caption-text\">pintada pela artista modernista brasileira Tarsila do Amaral em 1923.<\/p><\/div><\/div><\/div><\/div><\/div><div class=\"fusion-layout-column fusion_builder_column fusion-builder-column-6 fusion_builder_column_2_3 2_3 fusion-flex-column\" style=\"--awb-bg-size:cover;--awb-width-large:66.666666666667%;--awb-margin-top-large:20px;--awb-spacing-right-large:2.88%;--awb-margin-bottom-large:20px;--awb-spacing-left-large:2.88%;--awb-width-medium:100%;--awb-order-medium:0;--awb-spacing-right-medium:1.92%;--awb-spacing-left-medium:1.92%;--awb-width-small:100%;--awb-order-small:0;--awb-spacing-right-small:1.92%;--awb-spacing-left-small:1.92%;\"><div class=\"fusion-column-wrapper fusion-column-has-shadow fusion-flex-justify-content-flex-start fusion-content-layout-column\"><div class=\"fusion-title title fusion-title-4 fusion-sep-none fusion-title-text fusion-title-size-two\" style=\"--awb-margin-top-small:20px;--awb-margin-bottom-small:10px;\"><h2 class=\"fusion-title-heading title-heading-left fusion-responsive-typography-calculated\" style=\"margin:0;--fontSize:60;line-height:1.18;\"><strong>Baroque<\/strong><\/h2><\/div><\/div><\/div><div class=\"fusion-layout-column fusion_builder_column fusion-builder-column-7 fusion_builder_column_1_2 1_2 fusion-flex-column\" style=\"--awb-bg-size:cover;--awb-width-large:50%;--awb-margin-top-large:20px;--awb-spacing-right-large:3.84%;--awb-margin-bottom-large:20px;--awb-spacing-left-large:3.84%;--awb-width-medium:100%;--awb-order-medium:0;--awb-spacing-right-medium:1.92%;--awb-spacing-left-medium:1.92%;--awb-width-small:100%;--awb-order-small:0;--awb-spacing-right-small:1.92%;--awb-spacing-left-small:1.92%;\"><div class=\"fusion-column-wrapper fusion-column-has-shadow fusion-flex-justify-content-flex-start fusion-content-layout-column\"><div class=\"fusion-text fusion-text-5\"><p><span style=\"font-weight: 400;\">The Brazilian Baroque was one of the most important foundations in the history of art in the country, with its greatest development between the 17th and 18th centuries, during the colonial period. Its presence was especially strong in regions such as Bahia, Pernambuco and Minas Gerais, where artistic production was linked to the Catholic Church and the power structures of the time. In this context, the Baroque went beyond the stylistic dimension, also taking on a religious and social function within colonial life. <\/span><\/p>\n<p><span style=\"font-weight: 400;\">On a formal and material level, the Brazilian Baroque stands out for the wealth of resources used in the construction of images and spaces with a strong sensory impact. In architecture and religious interiors, carved wood, soapstone, clay, paint, gilding with gold leaf and polychromy were widely used, materials that allowed for high ornamental detail and intense expressive charge. Wood carving played a central role, especially on altars, altarpieces, pulpits and ceilings, where curves, reliefs, plant ornaments and religious motifs created densely worked surfaces. In sacred imagery, the use of polychrome wood favored the elaboration of dramatic figures, with marked gestures, expressive faces and clothing of great visual complexity. In painting, contrasts of light, scenographic depth and meticulous finishing stand out, while sculpture and architecture feature elaborate fa\u00e7ades, interiors covered in ornamentation and formal solutions that produce movement, tension and monumentality. <\/span><\/p>\n<p><span style=\"font-weight: 400;\">The Brazilian Baroque occupies a central place in colonial art because it developed a visual language of strong symbolic density and great formal impact. Rather than reproducing European models, its presence in Brazil involved technical, material and iconographic adaptations that gave rise to its own configurations. For this reason, it remains a decisive reference for Brazil&#8217;s historical heritage and visual culture. <\/span><\/p>\n<\/div><\/div><\/div><div class=\"fusion-layout-column fusion_builder_column fusion-builder-column-8 fusion_builder_column_1_2 1_2 fusion-flex-column\" style=\"--awb-bg-size:cover;--awb-width-large:50%;--awb-margin-top-large:20px;--awb-spacing-right-large:3.84%;--awb-margin-bottom-large:20px;--awb-spacing-left-large:3.84%;--awb-width-medium:100%;--awb-order-medium:0;--awb-spacing-right-medium:1.92%;--awb-spacing-left-medium:1.92%;--awb-width-small:100%;--awb-order-small:0;--awb-spacing-right-small:1.92%;--awb-spacing-left-small:1.92%;\"><div class=\"fusion-column-wrapper fusion-column-has-shadow fusion-flex-justify-content-flex-start fusion-content-layout-column\"><div class=\"fusion-image-element \" style=\"--awb-caption-title-font-family:var(--h2_typography-font-family);--awb-caption-title-font-weight:var(--h2_typography-font-weight);--awb-caption-title-font-style:var(--h2_typography-font-style);--awb-caption-title-size:var(--h2_typography-font-size);--awb-caption-title-transform:var(--h2_typography-text-transform);--awb-caption-title-line-height:var(--h2_typography-line-height);--awb-caption-title-letter-spacing:var(--h2_typography-letter-spacing);\"><span class=\" fusion-imageframe imageframe-none imageframe-4 hover-type-none\"><img decoding=\"async\" width=\"683\" height=\"883\" title=\"Capela Nossa Senhora do Carmo &#8211; Sabar\u00e1, Minas Gerais\" src=\"https:\/\/brazilianculture.art\/wp-content\/uploads\/2026\/03\/Nossa-senhora-do-carmo4-altar-mor.jpg\" data-orig-src=\"https:\/\/brazilianculture.art\/wp-content\/uploads\/2026\/03\/Nossa-senhora-do-carmo4-altar-mor.jpg\" alt class=\"lazyload img-responsive wp-image-7057\" srcset=\"data:image\/svg+xml,%3Csvg%20xmlns%3D%27http%3A%2F%2Fwww.w3.org%2F2000%2Fsvg%27%20width%3D%27683%27%20height%3D%27883%27%20viewBox%3D%270%200%20683%20883%27%3E%3Crect%20width%3D%27683%27%20height%3D%27883%27%20fill-opacity%3D%220%22%2F%3E%3C%2Fsvg%3E\" data-srcset=\"https:\/\/brazilianculture.art\/wp-content\/uploads\/2026\/03\/Nossa-senhora-do-carmo4-altar-mor-200x259.jpg 200w, https:\/\/brazilianculture.art\/wp-content\/uploads\/2026\/03\/Nossa-senhora-do-carmo4-altar-mor-400x517.jpg 400w, https:\/\/brazilianculture.art\/wp-content\/uploads\/2026\/03\/Nossa-senhora-do-carmo4-altar-mor-600x776.jpg 600w, https:\/\/brazilianculture.art\/wp-content\/uploads\/2026\/03\/Nossa-senhora-do-carmo4-altar-mor.jpg 683w\" data-sizes=\"auto\" data-orig-sizes=\"(max-width: 1024px) 100vw, (max-width: 640px) 100vw, 683px\" \/><\/span><\/div><\/div><\/div><\/div><\/div><div class=\"fusion-fullwidth fullwidth-box fusion-builder-row-5 fusion-flex-container has-pattern-background has-mask-background nonhundred-percent-fullwidth non-hundred-percent-height-scrolling\" style=\"--awb-border-radius-top-left:0px;--awb-border-radius-top-right:0px;--awb-border-radius-bottom-right:0px;--awb-border-radius-bottom-left:0px;--awb-flex-wrap:wrap;\" ><div class=\"fusion-builder-row fusion-row fusion-flex-align-items-flex-start fusion-flex-content-wrap\" style=\"max-width:1331.2px;margin-left: calc(-4% \/ 2 );margin-right: calc(-4% \/ 2 );\"><div class=\"fusion-layout-column fusion_builder_column fusion-builder-column-9 fusion_builder_column_1_1 1_1 fusion-flex-column\" style=\"--awb-bg-size:cover;--awb-width-large:100%;--awb-margin-top-large:20px;--awb-spacing-right-large:1.92%;--awb-margin-bottom-large:20px;--awb-spacing-left-large:1.92%;--awb-width-medium:100%;--awb-order-medium:0;--awb-spacing-right-medium:1.92%;--awb-spacing-left-medium:1.92%;--awb-width-small:100%;--awb-order-small:0;--awb-spacing-right-small:1.92%;--awb-spacing-left-small:1.92%;\"><div class=\"fusion-column-wrapper fusion-column-has-shadow fusion-flex-justify-content-flex-start fusion-content-layout-column\"><div class=\"fusion-title title fusion-title-5 fusion-sep-none fusion-title-text fusion-title-size-two\" style=\"--awb-margin-top-small:20px;--awb-margin-bottom-small:10px;\"><h2 class=\"fusion-title-heading title-heading-left fusion-responsive-typography-calculated\" style=\"margin:0;--fontSize:60;line-height:1.18;\"><strong>Tropicalia<\/strong><\/h2><\/div><div class=\"fusion-text fusion-text-6\"><p><span style=\"font-weight: 400;\">Tropic\u00e1lia was one of the most important aesthetic changes in Brazilian culture in the 20th century. It emerged at the end of the 1960s and brought together music, visual arts, theater, cinema and poetry to present a new way of thinking about Brazil. Instead of defending a fixed or &#8220;pure&#8221; national identity, the movement took mixing and contradiction as creative forces, placing popular traditions, mass culture, avant-garde experimentation and international references side by side. <\/span><\/p>\n<p><span style=\"font-weight: 400;\">On an aesthetic level, Tropic\u00e1lia stands out for its combination of different languages, the accumulation of references and the use of dissonance, collage and excess as central resources. Its visual and sound vocabulary brings together Brazilian popular culture, psychedelia, concrete poetry and the mass media, creating works marked by contrast, theatricality and a strong symbolic charge. Instead of seeking unity or formal purity, the movement valued the tension between distinct elements, transforming exuberance into a critical resource to reveal the contradictions of Brazilian modernity. <\/span><\/p>\n<p><span style=\"font-weight: 400;\">More than just a historical movement, Tropic\u00e1lia presented a broader idea of culture: that artistic sophistication can also come from mixing, instability and daring. By breaking down the boundaries between the national and the foreign, the erudite and the popular, the refined and the everyday, the movement created an open and innovative model of cultural production. For those who look closely at Brazilian art, Tropic\u00e1lia offers an important key to reading: it shows that complexity, when handled well, can also be a form of aesthetic strength and cultural identity. <\/span><\/p>\n<\/div><\/div><\/div><div class=\"fusion-layout-column fusion_builder_column fusion-builder-column-10 fusion_builder_column_1_1 1_1 fusion-flex-column\" style=\"--awb-bg-size:cover;--awb-width-large:100%;--awb-margin-top-large:20px;--awb-spacing-right-large:1.92%;--awb-margin-bottom-large:20px;--awb-spacing-left-large:1.92%;--awb-width-medium:100%;--awb-order-medium:0;--awb-spacing-right-medium:1.92%;--awb-spacing-left-medium:1.92%;--awb-width-small:100%;--awb-order-small:0;--awb-spacing-right-small:1.92%;--awb-spacing-left-small:1.92%;\"><div class=\"fusion-column-wrapper fusion-column-has-shadow fusion-flex-justify-content-flex-start fusion-content-layout-column\"><div class=\"fusion-title title fusion-title-6 fusion-sep-none fusion-title-text fusion-title-size-two\" style=\"--awb-margin-top-small:20px;--awb-margin-bottom-small:10px;\"><h2 class=\"fusion-title-heading title-heading-left fusion-responsive-typography-calculated\" style=\"margin:0;--fontSize:60;line-height:1.18;\"><strong>Brazilian Concretism<\/strong><\/h2><\/div><div class=\"fusion-text fusion-text-7\"><p><span style=\"font-weight: 400;\">Brazilian Concretism was one of the most decisive formulations of modern art in the country, especially from the 1950s onwards, affirming a language based on formal objectivity, constructive rigor and the autonomy of visual elements. In dialogue with international trends of geometric abstraction, the movement sought to break with figurative representation and subjective expressiveness, defending the work as a structure organized according to precise relationships of form, color, space and rhythm. More than a stylistic choice, Concretism proposed a new understanding of art, based on clarity, order and the rational elaboration of composition. <\/span><\/p>\n<p><span style=\"font-weight: 400;\">On an aesthetic level, Concretism is characterized by the geometrization of forms, the reduction of visual vocabulary, compositional precision and the rejection of spontaneous gesture as the organizing principle of the work. Lines, planes, colors and volumes began to operate objectively, according to calculated structures and controlled visual relationships. The surface ceases to function as a field of illusion and assumes its material and constructive condition, valuing balance, seriality, repetition and formal synthesis. Instead of narrating, representing or expressing emotions in a direct way, the concrete work invests in the construction of a purified visuality, in which each element participates in a rigorously articulated system. <\/span><\/p>\n<p><span style=\"font-weight: 400;\">In its cultural dimension, Concretism can be understood as part of a broader project of aesthetic modernization, associated with the valorization of reason, industry, design and the visual organization of the contemporary world. Its importance lies in having consolidated, in Brazil, an artistic language committed to formal invention and constructive discipline, broadening the field of visual arts and also influencing poetry, design and visual communication. For this reason, the movement remains a central reference for understanding the relationship between art, form and modern thought in the Brazilian context. <\/span><\/p>\n<\/div><\/div><\/div><div class=\"fusion-layout-column fusion_builder_column fusion-builder-column-11 fusion_builder_column_1_2 1_2 fusion-flex-column\" style=\"--awb-bg-size:cover;--awb-width-large:50%;--awb-margin-top-large:20px;--awb-spacing-right-large:3.84%;--awb-margin-bottom-large:20px;--awb-spacing-left-large:3.84%;--awb-width-medium:100%;--awb-order-medium:0;--awb-spacing-right-medium:1.92%;--awb-spacing-left-medium:1.92%;--awb-width-small:100%;--awb-order-small:0;--awb-spacing-right-small:1.92%;--awb-spacing-left-small:1.92%;\"><div class=\"fusion-column-wrapper fusion-column-has-shadow fusion-flex-justify-content-flex-start fusion-content-layout-column\"><div class=\"fusion-image-element awb-imageframe-style awb-imageframe-style-below awb-imageframe-style-5\" style=\"--awb-caption-title-font-family:var(--h4_typography-font-family);--awb-caption-title-font-weight:var(--h4_typography-font-weight);--awb-caption-title-font-style:var(--h4_typography-font-style);--awb-caption-title-size:var(--h4_typography-font-size);--awb-caption-title-transform:var(--h4_typography-text-transform);--awb-caption-title-line-height:var(--h4_typography-line-height);--awb-caption-title-letter-spacing:var(--h4_typography-letter-spacing);\"><span class=\" fusion-imageframe imageframe-none imageframe-5 hover-type-none\"><img decoding=\"async\" width=\"2000\" height=\"1234\" title=\"Obra \u201cCaranguejo\u201d da cole\u00e7\u00e3o \u201cBichos\u201d de Lygia Clark\" src=\"https:\/\/brazilianculture.art\/wp-content\/uploads\/2026\/04\/O_Bicho_Linear_-_Lygia_Clark.jpg\" data-orig-src=\"https:\/\/brazilianculture.art\/wp-content\/uploads\/2026\/04\/O_Bicho_Linear_-_Lygia_Clark.jpg\" alt class=\"lazyload img-responsive wp-image-7156\" srcset=\"data:image\/svg+xml,%3Csvg%20xmlns%3D%27http%3A%2F%2Fwww.w3.org%2F2000%2Fsvg%27%20width%3D%272000%27%20height%3D%271234%27%20viewBox%3D%270%200%202000%201234%27%3E%3Crect%20width%3D%272000%27%20height%3D%271234%27%20fill-opacity%3D%220%22%2F%3E%3C%2Fsvg%3E\" data-srcset=\"https:\/\/brazilianculture.art\/wp-content\/uploads\/2026\/04\/O_Bicho_Linear_-_Lygia_Clark-200x123.jpg 200w, https:\/\/brazilianculture.art\/wp-content\/uploads\/2026\/04\/O_Bicho_Linear_-_Lygia_Clark-400x247.jpg 400w, https:\/\/brazilianculture.art\/wp-content\/uploads\/2026\/04\/O_Bicho_Linear_-_Lygia_Clark-600x370.jpg 600w, https:\/\/brazilianculture.art\/wp-content\/uploads\/2026\/04\/O_Bicho_Linear_-_Lygia_Clark-800x494.jpg 800w, https:\/\/brazilianculture.art\/wp-content\/uploads\/2026\/04\/O_Bicho_Linear_-_Lygia_Clark-1200x740.jpg 1200w, https:\/\/brazilianculture.art\/wp-content\/uploads\/2026\/04\/O_Bicho_Linear_-_Lygia_Clark.jpg 2000w\" data-sizes=\"auto\" data-orig-sizes=\"(max-width: 1024px) 100vw, (max-width: 640px) 100vw, 800px\" \/><\/span><div class=\"awb-imageframe-caption-container\" style=\"text-align:center;\"><div class=\"awb-imageframe-caption\"><h4 class=\"awb-imageframe-caption-title\">Obra \u201cCaranguejo\u201d da cole\u00e7\u00e3o \u201cBichos\u201d de Lygia Clark<\/h4><\/div><\/div><\/div><div class=\"fusion-image-element awb-imageframe-style awb-imageframe-style-below awb-imageframe-style-6\" style=\"--awb-caption-title-font-family:var(--h4_typography-font-family);--awb-caption-title-font-weight:var(--h4_typography-font-weight);--awb-caption-title-font-style:var(--h4_typography-font-style);--awb-caption-title-size:var(--h4_typography-font-size);--awb-caption-title-transform:var(--h4_typography-text-transform);--awb-caption-title-line-height:var(--h4_typography-line-height);--awb-caption-title-letter-spacing:var(--h4_typography-letter-spacing);\"><span class=\" fusion-imageframe imageframe-none imageframe-6 hover-type-none\"><img decoding=\"async\" width=\"547\" height=\"551\" title=\"Willys de Castro em frente \u00e0 pinturas na exposi\u00e7\u00e3o do VI Sal\u00e3o de Arte Moderna de 1957\" src=\"https:\/\/brazilianculture.art\/wp-content\/uploads\/2026\/04\/Willys_de_Castro_em_frente_a_pinturas_na_exposicao_do_VI_Salao_de_Arte_Moderna_de_1957.png\" data-orig-src=\"https:\/\/brazilianculture.art\/wp-content\/uploads\/2026\/04\/Willys_de_Castro_em_frente_a_pinturas_na_exposicao_do_VI_Salao_de_Arte_Moderna_de_1957.png\" alt class=\"lazyload img-responsive wp-image-7161\" srcset=\"data:image\/svg+xml,%3Csvg%20xmlns%3D%27http%3A%2F%2Fwww.w3.org%2F2000%2Fsvg%27%20width%3D%27547%27%20height%3D%27551%27%20viewBox%3D%270%200%20547%20551%27%3E%3Crect%20width%3D%27547%27%20height%3D%27551%27%20fill-opacity%3D%220%22%2F%3E%3C%2Fsvg%3E\" data-srcset=\"https:\/\/brazilianculture.art\/wp-content\/uploads\/2026\/04\/Willys_de_Castro_em_frente_a_pinturas_na_exposicao_do_VI_Salao_de_Arte_Moderna_de_1957-200x201.png 200w, https:\/\/brazilianculture.art\/wp-content\/uploads\/2026\/04\/Willys_de_Castro_em_frente_a_pinturas_na_exposicao_do_VI_Salao_de_Arte_Moderna_de_1957-400x403.png 400w, https:\/\/brazilianculture.art\/wp-content\/uploads\/2026\/04\/Willys_de_Castro_em_frente_a_pinturas_na_exposicao_do_VI_Salao_de_Arte_Moderna_de_1957.png 547w\" data-sizes=\"auto\" data-orig-sizes=\"(max-width: 1024px) 100vw, (max-width: 640px) 100vw, 547px\" \/><\/span><div class=\"awb-imageframe-caption-container\" style=\"text-align:center;\"><div class=\"awb-imageframe-caption\"><h4 class=\"awb-imageframe-caption-title\">Willys de Castro em frente \u00e0 pinturas na exposi\u00e7\u00e3o do VI Sal\u00e3o de Arte Moderna de 1957<\/h4><\/div><\/div><\/div><\/div><\/div><div class=\"fusion-layout-column fusion_builder_column fusion-builder-column-12 fusion_builder_column_1_2 1_2 fusion-flex-column\" style=\"--awb-bg-size:cover;--awb-width-large:50%;--awb-margin-top-large:20px;--awb-spacing-right-large:3.84%;--awb-margin-bottom-large:20px;--awb-spacing-left-large:3.84%;--awb-width-medium:100%;--awb-order-medium:0;--awb-spacing-right-medium:1.92%;--awb-spacing-left-medium:1.92%;--awb-width-small:100%;--awb-order-small:0;--awb-spacing-right-small:1.92%;--awb-spacing-left-small:1.92%;\"><div class=\"fusion-column-wrapper fusion-column-has-shadow fusion-flex-justify-content-flex-start fusion-content-layout-column\"><div class=\"fusion-title title fusion-title-7 fusion-sep-none fusion-title-text fusion-title-size-two\" style=\"--awb-margin-top-small:20px;--awb-margin-bottom-small:10px;\"><h2 class=\"fusion-title-heading title-heading-left fusion-responsive-typography-calculated\" style=\"margin:0;--fontSize:60;line-height:1.18;\"><strong>Neoconcretism<\/strong><\/h2><\/div><div class=\"fusion-text fusion-text-8\"><p><span data-contrast=\"auto\">Brazilian Neoconcretism, developed in the late 1950s, marks a turning point in the visual arts by challenging the limits of the constructive rationalism that had shaped geometric abstraction in the country. In critical dialogue with Concretism, strongly influenced by European frameworks and grounded in logic, order, and calculation\u2014the movement began to rethink the artwork as a sensitive structure, open to experience and instability. Within this context, art was no longer understood as an autonomous object, but rather as something that takes shape through its relationship with space, materiality, and the viewer\u2019s body, shifting the focus from contemplation to lived experience. <\/span><\/p>\n<p><span data-contrast=\"auto\">On an aesthetic level, Neoconcretism stands out for its activation of real space and its move beyond strict two-dimensionality, proposing works that demand the viewer\u2019s direct engagement. Reliefs, articulated structures, interactive objects, and immersive environments transform perception into a concrete experience, engaging sight, touch, and movement across time and space. Geometry remains present as a language, but it loses its rigid, normative role, becoming more flexible and expressive. Artists such as Lygia Clark, H\u00e9lio Oiticica, and Willys de Castro explored this shift by blurring the boundaries between painting, object, and environment, creating a visual language that emerges through the encounter between form and experience. <\/span><\/p>\n<p><span data-contrast=\"auto\">In its critical dimension, Neoconcretism can be understood as a response to more rigid ways of organizing modern art, proposing new relationships between artwork, audience, and context. Its political force lies not in direct protest imagery, but in the creation of situations that disrupt habitual ways of seeing and challenge established hierarchies between artist, artwork, and viewer. By combining formal innovation with sensorial engagement, the movement redefined the role of contemporary art in Brazil and expanded the critical possibilities of visual production across Latin America.<br \/>\n<\/span><\/p>\n<\/div><\/div><\/div><\/div><\/div><div class=\"fusion-fullwidth fullwidth-box fusion-builder-row-6 fusion-flex-container has-pattern-background has-mask-background nonhundred-percent-fullwidth non-hundred-percent-height-scrolling\" style=\"--awb-border-radius-top-left:0px;--awb-border-radius-top-right:0px;--awb-border-radius-bottom-right:0px;--awb-border-radius-bottom-left:0px;--awb-flex-wrap:wrap;\" ><div class=\"fusion-builder-row fusion-row fusion-flex-align-items-flex-start fusion-flex-content-wrap\" style=\"max-width:1331.2px;margin-left: calc(-4% \/ 2 );margin-right: calc(-4% \/ 2 );\"><div class=\"fusion-layout-column fusion_builder_column fusion-builder-column-13 fusion_builder_column_1_1 1_1 fusion-flex-column\" style=\"--awb-bg-size:cover;--awb-width-large:100%;--awb-margin-top-large:20px;--awb-spacing-right-large:1.92%;--awb-margin-bottom-large:20px;--awb-spacing-left-large:1.92%;--awb-width-medium:100%;--awb-order-medium:0;--awb-spacing-right-medium:1.92%;--awb-spacing-left-medium:1.92%;--awb-width-small:100%;--awb-order-small:0;--awb-spacing-right-small:1.92%;--awb-spacing-left-small:1.92%;\"><div class=\"fusion-column-wrapper fusion-column-has-shadow fusion-flex-justify-content-flex-start fusion-content-layout-column\"><div class=\"fusion-title title fusion-title-8 fusion-sep-none fusion-title-text fusion-title-size-two\" style=\"--awb-margin-top-small:20px;--awb-margin-bottom-small:10px;\"><h2 class=\"fusion-title-heading title-heading-left fusion-responsive-typography-calculated\" style=\"margin:0;--fontSize:60;line-height:1.18;\"><strong>Anthropophagy<\/strong><\/h2><\/div><div class=\"fusion-text fusion-text-9\"><p><span style=\"font-weight: 400;\">Brazilian Anthropophagy, formulated in the context of Modernism and consolidated with the Anthropophagic Manifesto of 1928, was one of the strongest ideas in Brazilian culture in the 20th century. Rather than advocating the simple absorption of external influences, the movement proposed that Brazil create its own cultural force by transforming what came from outside. Instead of copying European models or seeking a &#8220;pure&#8221; national identity, Anthropophagy presented Brazilian culture as capable of devouring, recreating and giving new meaning to diverse references. <\/span><\/p>\n<p><span style=\"font-weight: 400;\">On an aesthetic level, Antropofagia stands out for its mixture of repertoires, the combination of different times and references and the use of irony, parody and experimentation as central elements. The movement brings together indigenous culture, orality, humor, criticism and modern forms of artistic invention, creating a language marked by shock, displacement and reinvention. Instead of seeking unity or fidelity to imported models, the anthropophagic proposal values the transformation of what is appropriated, making art a space for recomposition and creative tension. <\/span><\/p>\n<p><span style=\"font-weight: 400;\">In its political dimension, Anthropophagy can be understood as a direct critique of the cultural hierarchies inherited from colonialism. Its strength lay in inverting the logic of influence: what came from outside was no longer seen as a superior model and became the subject of creation. By defending this active gesture of appropriation and transformation, the movement proposed a form of cultural autonomy based on the refusal of passivity. For this reason, Antropofagia remains a central reference for thinking about art, literature and debates about identity and decolonization in Brazil. <\/span><\/p>\n<\/div><\/div><\/div><div class=\"fusion-layout-column fusion_builder_column fusion-builder-column-14 fusion_builder_column_1_1 1_1 fusion-flex-column\" style=\"--awb-bg-size:cover;--awb-width-large:100%;--awb-margin-top-large:20px;--awb-spacing-right-large:1.92%;--awb-margin-bottom-large:20px;--awb-spacing-left-large:1.92%;--awb-width-medium:100%;--awb-order-medium:0;--awb-spacing-right-medium:1.92%;--awb-spacing-left-medium:1.92%;--awb-width-small:100%;--awb-order-small:0;--awb-spacing-right-small:1.92%;--awb-spacing-left-small:1.92%;\"><div class=\"fusion-column-wrapper fusion-column-has-shadow fusion-flex-justify-content-flex-start fusion-content-layout-column\"><div class=\"fusion-image-element awb-imageframe-style awb-imageframe-style-below awb-imageframe-style-7\" style=\"--awb-caption-title-font-family:var(--h5_typography-font-family);--awb-caption-title-font-weight:var(--h5_typography-font-weight);--awb-caption-title-font-style:var(--h5_typography-font-style);--awb-caption-title-size:var(--h5_typography-font-size);--awb-caption-title-transform:var(--h5_typography-text-transform);--awb-caption-title-line-height:var(--h5_typography-line-height);--awb-caption-title-letter-spacing:var(--h5_typography-letter-spacing);\"><span class=\" fusion-imageframe imageframe-none imageframe-7 hover-type-none\"><img decoding=\"async\" width=\"2073\" height=\"1560\" title=\"A Cuca, 1924 &#8211; O\u0301leo sobre tela Tarsila do Amaral\" src=\"https:\/\/brazilianculture.art\/wp-content\/uploads\/2026\/04\/A-Cuca-1924-Oleo-sobre-tela-Tarsila-do-Amaral.jpeg\" data-orig-src=\"https:\/\/brazilianculture.art\/wp-content\/uploads\/2026\/04\/A-Cuca-1924-Oleo-sobre-tela-Tarsila-do-Amaral.jpeg\" alt class=\"lazyload img-responsive wp-image-7599\" srcset=\"data:image\/svg+xml,%3Csvg%20xmlns%3D%27http%3A%2F%2Fwww.w3.org%2F2000%2Fsvg%27%20width%3D%272073%27%20height%3D%271560%27%20viewBox%3D%270%200%202073%201560%27%3E%3Crect%20width%3D%272073%27%20height%3D%271560%27%20fill-opacity%3D%220%22%2F%3E%3C%2Fsvg%3E\" data-srcset=\"https:\/\/brazilianculture.art\/wp-content\/uploads\/2026\/04\/A-Cuca-1924-Oleo-sobre-tela-Tarsila-do-Amaral-200x151.jpeg 200w, https:\/\/brazilianculture.art\/wp-content\/uploads\/2026\/04\/A-Cuca-1924-Oleo-sobre-tela-Tarsila-do-Amaral-400x301.jpeg 400w, https:\/\/brazilianculture.art\/wp-content\/uploads\/2026\/04\/A-Cuca-1924-Oleo-sobre-tela-Tarsila-do-Amaral-600x452.jpeg 600w, https:\/\/brazilianculture.art\/wp-content\/uploads\/2026\/04\/A-Cuca-1924-Oleo-sobre-tela-Tarsila-do-Amaral-800x602.jpeg 800w, https:\/\/brazilianculture.art\/wp-content\/uploads\/2026\/04\/A-Cuca-1924-Oleo-sobre-tela-Tarsila-do-Amaral-1200x903.jpeg 1200w, https:\/\/brazilianculture.art\/wp-content\/uploads\/2026\/04\/A-Cuca-1924-Oleo-sobre-tela-Tarsila-do-Amaral.jpeg 2073w\" data-sizes=\"auto\" data-orig-sizes=\"(max-width: 1024px) 100vw, (max-width: 640px) 100vw, 2073px\" \/><\/span><div class=\"awb-imageframe-caption-container\" style=\"text-align:center;\"><div class=\"awb-imageframe-caption\"><h5 class=\"awb-imageframe-caption-title\">A Cuca, 1924 &#8211; O\u0301leo sobre tela Tarsila do Amaral<\/h5><\/div><\/div><\/div><\/div><\/div><\/div><\/div><div class=\"fusion-fullwidth fullwidth-box fusion-builder-row-7 fusion-flex-container has-pattern-background has-mask-background nonhundred-percent-fullwidth non-hundred-percent-height-scrolling\" style=\"--awb-border-radius-top-left:0px;--awb-border-radius-top-right:0px;--awb-border-radius-bottom-right:0px;--awb-border-radius-bottom-left:0px;--awb-flex-wrap:wrap;\" ><div class=\"fusion-builder-row fusion-row fusion-flex-align-items-flex-start fusion-flex-content-wrap\" style=\"max-width:1331.2px;margin-left: calc(-4% \/ 2 );margin-right: calc(-4% \/ 2 );\"><div class=\"fusion-layout-column fusion_builder_column fusion-builder-column-15 fusion_builder_column_1_1 1_1 fusion-flex-column\" style=\"--awb-bg-size:cover;--awb-width-large:100%;--awb-margin-top-large:20px;--awb-spacing-right-large:1.92%;--awb-margin-bottom-large:20px;--awb-spacing-left-large:1.92%;--awb-width-medium:100%;--awb-order-medium:0;--awb-spacing-right-medium:1.92%;--awb-spacing-left-medium:1.92%;--awb-width-small:100%;--awb-order-small:0;--awb-spacing-right-small:1.92%;--awb-spacing-left-small:1.92%;\"><div class=\"fusion-column-wrapper fusion-column-has-shadow fusion-flex-justify-content-flex-start fusion-content-layout-column\"><div class=\"fusion-title title fusion-title-9 fusion-sep-none fusion-title-text fusion-title-size-two\" style=\"--awb-margin-top-small:20px;--awb-margin-bottom-small:10px;\"><h2 class=\"fusion-title-heading title-heading-left fusion-responsive-typography-calculated\" style=\"margin:0;--fontSize:60;line-height:1.18;\"><strong>Cyberagreste<\/strong><\/h2><\/div><\/div><\/div><div class=\"fusion-layout-column fusion_builder_column fusion-builder-column-16 fusion_builder_column_1_1 1_1 fusion-flex-column\" style=\"--awb-bg-size:cover;--awb-width-large:100%;--awb-margin-top-large:20px;--awb-spacing-right-large:1.92%;--awb-margin-bottom-large:20px;--awb-spacing-left-large:1.92%;--awb-width-medium:100%;--awb-order-medium:0;--awb-spacing-right-medium:1.92%;--awb-spacing-left-medium:1.92%;--awb-width-small:100%;--awb-order-small:0;--awb-spacing-right-small:1.92%;--awb-spacing-left-small:1.92%;\"><div class=\"fusion-column-wrapper fusion-column-has-shadow fusion-flex-justify-content-flex-start fusion-content-layout-column\"><div class=\"fusion-text fusion-text-10\"><p><span style=\"font-weight: 400;\">Brazilian cyberaggression can be understood as an emerging aesthetic that brings together repertoires from the Northeast, the sert\u00e3o and popular cultures with imaginaries linked to science fiction, cyberpunk and technological visualities. More than a formally consolidated movement, it is a language in circulation in the visual arts, illustration, fashion and speculative fiction, marked by the invention of futures based on regional references. <\/span><\/p>\n<p><span style=\"font-weight: 400;\">On an aesthetic level, cyberagreste is characterized by the fusion of regional signs and futuristic elements, producing images of strong contrast and hybridity. Clothing that evokes the canga\u00e7o, arid landscapes, popular graphics, electronic junk, prostheses, artificial light and digital interfaces all coexist in the same composition. Instead of seeking documentary fidelity, this aesthetic operates through mixing, displacement and symbolic reinvention, transforming elements from the Northeast into material for imagining other possible futures. <\/span><\/p>\n<p><span style=\"font-weight: 400;\">In its critical dimension, cyberagreste tensions traditional ways of representing the Northeast, proposing that the future can also be thought of from territories historically treated as peripheral. By bringing together technology, popular culture and speculative imagination, this formulation broadens the field of representation and shifts the center of visual narratives about modernity in Brazil. At the same time, its debate also involves the risk of repeating stereotypes, which makes this aesthetic an active field of symbolic dispute. <\/span><\/p>\n<\/div><\/div><\/div><\/div><\/div><div class=\"fusion-fullwidth fullwidth-box fusion-builder-row-8 fusion-flex-container has-pattern-background has-mask-background nonhundred-percent-fullwidth non-hundred-percent-height-scrolling\" style=\"--awb-border-radius-top-left:0px;--awb-border-radius-top-right:0px;--awb-border-radius-bottom-right:0px;--awb-border-radius-bottom-left:0px;--awb-flex-wrap:wrap;\" ><div class=\"fusion-builder-row fusion-row fusion-flex-align-items-flex-start fusion-flex-content-wrap\" style=\"max-width:1331.2px;margin-left: calc(-4% \/ 2 );margin-right: calc(-4% \/ 2 );\"><div class=\"fusion-layout-column fusion_builder_column fusion-builder-column-17 fusion_builder_column_1_2 1_2 fusion-flex-column\" style=\"--awb-bg-size:cover;--awb-width-large:50%;--awb-margin-top-large:20px;--awb-spacing-right-large:3.84%;--awb-margin-bottom-large:20px;--awb-spacing-left-large:3.84%;--awb-width-medium:100%;--awb-order-medium:0;--awb-spacing-right-medium:1.92%;--awb-spacing-left-medium:1.92%;--awb-width-small:100%;--awb-order-small:0;--awb-spacing-right-small:1.92%;--awb-spacing-left-small:1.92%;\"><div class=\"fusion-column-wrapper fusion-column-has-shadow fusion-flex-justify-content-flex-start fusion-content-layout-column\"><div class=\"fusion-title title fusion-title-10 fusion-sep-none fusion-title-text fusion-title-size-two\" style=\"--awb-margin-top-small:20px;--awb-margin-bottom-small:10px;\"><h2 class=\"fusion-title-heading title-heading-left fusion-responsive-typography-calculated\" style=\"margin:0;--fontSize:60;line-height:1.18;\"><strong>Brazilian Expressionism<\/strong><\/h2><\/div><div class=\"fusion-image-element awb-imageframe-style awb-imageframe-style-below awb-imageframe-style-8\" style=\"--awb-caption-title-font-family:var(--h5_typography-font-family);--awb-caption-title-font-weight:var(--h5_typography-font-weight);--awb-caption-title-font-style:var(--h5_typography-font-style);--awb-caption-title-size:var(--h5_typography-font-size);--awb-caption-title-transform:var(--h5_typography-text-transform);--awb-caption-title-line-height:var(--h5_typography-line-height);--awb-caption-title-letter-spacing:var(--h5_typography-letter-spacing);\"><span class=\" fusion-imageframe imageframe-none imageframe-8 hover-type-none\"><img decoding=\"async\" width=\"1129\" height=\"1500\" title=\"\u201cMaternidade\u201d Lasar Segall\" src=\"https:\/\/brazilianculture.art\/wp-content\/uploads\/2026\/04\/Maternidade_-_Lasar_Segall.jpg\" data-orig-src=\"https:\/\/brazilianculture.art\/wp-content\/uploads\/2026\/04\/Maternidade_-_Lasar_Segall.jpg\" alt class=\"lazyload img-responsive wp-image-7201\" srcset=\"data:image\/svg+xml,%3Csvg%20xmlns%3D%27http%3A%2F%2Fwww.w3.org%2F2000%2Fsvg%27%20width%3D%271129%27%20height%3D%271500%27%20viewBox%3D%270%200%201129%201500%27%3E%3Crect%20width%3D%271129%27%20height%3D%271500%27%20fill-opacity%3D%220%22%2F%3E%3C%2Fsvg%3E\" data-srcset=\"https:\/\/brazilianculture.art\/wp-content\/uploads\/2026\/04\/Maternidade_-_Lasar_Segall-200x266.jpg 200w, https:\/\/brazilianculture.art\/wp-content\/uploads\/2026\/04\/Maternidade_-_Lasar_Segall-400x531.jpg 400w, https:\/\/brazilianculture.art\/wp-content\/uploads\/2026\/04\/Maternidade_-_Lasar_Segall-600x797.jpg 600w, https:\/\/brazilianculture.art\/wp-content\/uploads\/2026\/04\/Maternidade_-_Lasar_Segall-800x1063.jpg 800w, https:\/\/brazilianculture.art\/wp-content\/uploads\/2026\/04\/Maternidade_-_Lasar_Segall.jpg 1129w\" data-sizes=\"auto\" data-orig-sizes=\"(max-width: 1024px) 100vw, (max-width: 640px) 100vw, 800px\" \/><\/span><div class=\"awb-imageframe-caption-container\" style=\"text-align:center;\"><div class=\"awb-imageframe-caption\"><h5 class=\"awb-imageframe-caption-title\">\u201cMaternidade\u201d Lasar Segall<\/h5><\/div><\/div><\/div><\/div><\/div><div class=\"fusion-layout-column fusion_builder_column fusion-builder-column-18 fusion_builder_column_1_2 1_2 fusion-flex-column\" style=\"--awb-bg-size:cover;--awb-width-large:50%;--awb-margin-top-large:20px;--awb-spacing-right-large:3.84%;--awb-margin-bottom-large:20px;--awb-spacing-left-large:3.84%;--awb-width-medium:100%;--awb-order-medium:0;--awb-spacing-right-medium:1.92%;--awb-spacing-left-medium:1.92%;--awb-width-small:100%;--awb-order-small:0;--awb-spacing-right-small:1.92%;--awb-spacing-left-small:1.92%;\"><div class=\"fusion-column-wrapper fusion-column-has-shadow fusion-flex-justify-content-flex-start fusion-content-layout-column\"><div class=\"fusion-text fusion-text-11\"><p><span style=\"font-weight: 400;\">Brazilian expressionism developed in the first decades of the 20th century, in dialogue with the modernist renewal and the circulation of avant-garde languages from Europe. In Brazil, it was not consolidated as a homogeneous and closed movement, but as a visual orientation present in artists who sought to break with academic naturalism and amplify the emotional power of the image. In this context, names like Anita Malfatti and Lasar Segall were decisive in introducing a painting marked by expressive deformation, psychological intensity and formal freedom, helping to shift the axis of Brazilian art towards modernity. <\/span><\/p>\n<p>&nbsp;<\/p>\n<p><span style=\"font-weight: 400;\">On a visual level, Brazilian expressionism is characterized by the distortion of forms, the dramatic use of color, the intensification of line and the construction of atmospheres with a strong emotional charge. Tense faces, elongated figures, unstable compositions and chromatic contrasts appear as resources to make visible states of anguish, loneliness, conflict or melancholy. Instead of seeking fidelity to reality, this language values subjectivity, turning painting into a field of affective condensation and sensitive tension. In the Brazilian context, these operations are linked both to urban and social experiences and to more existential readings of the human figure. <\/span><\/p>\n<p>&nbsp;<\/p>\n<p><span style=\"font-weight: 400;\">Historically, expressionism was of great importance in Brazil because it contributed to the break with academic standards and opened up space for a freer, more subjective and experimental art. Its presence was decisive in the formation of modern Brazilian art, especially in legitimizing a visuality that was less concerned with imitation and more focused on the intensity of experience. Por isso, o expressionismo brasileiro ocupa um lugar relevante na hist\u00f3ria da arte do pa\u00eds, n\u00e3o como escola est\u00e1vel, mas como for\u00e7a de transforma\u00e7\u00e3o est\u00e9tica que ajudou a expandir os limites da representa\u00e7\u00e3o moderna. <\/span><\/p>\n<p>&nbsp;<\/p>\n<\/div><\/div><\/div><div class=\"fusion-layout-column fusion_builder_column fusion-builder-column-19 fusion_builder_column_1_1 1_1 fusion-flex-column\" style=\"--awb-bg-size:cover;--awb-width-large:100%;--awb-margin-top-large:20px;--awb-spacing-right-large:1.92%;--awb-margin-bottom-large:20px;--awb-spacing-left-large:1.92%;--awb-width-medium:100%;--awb-order-medium:0;--awb-spacing-right-medium:1.92%;--awb-spacing-left-medium:1.92%;--awb-width-small:100%;--awb-order-small:0;--awb-spacing-right-small:1.92%;--awb-spacing-left-small:1.92%;\"><div class=\"fusion-column-wrapper fusion-column-has-shadow fusion-flex-justify-content-flex-start fusion-content-layout-column\"><div class=\"fusion-title title fusion-title-11 fusion-sep-none fusion-title-text fusion-title-size-two\" style=\"--awb-margin-top-small:20px;--awb-margin-bottom-small:10px;\"><h2 class=\"fusion-title-heading title-heading-left fusion-responsive-typography-calculated\" style=\"margin:0;--fontSize:60;line-height:1.18;\"><strong>Graffiti<\/strong><\/h2><\/div><div class=\"fusion-image-element awb-imageframe-style awb-imageframe-style-below awb-imageframe-style-9\" style=\"--awb-caption-title-font-family:var(--h5_typography-font-family);--awb-caption-title-font-weight:var(--h5_typography-font-weight);--awb-caption-title-font-style:var(--h5_typography-font-style);--awb-caption-title-size:var(--h5_typography-font-size);--awb-caption-title-transform:var(--h5_typography-text-transform);--awb-caption-title-line-height:var(--h5_typography-line-height);--awb-caption-title-letter-spacing:var(--h5_typography-letter-spacing);\"><span class=\" fusion-imageframe imageframe-none imageframe-9 hover-type-none\"><img decoding=\"async\" width=\"2560\" height=\"1707\" title=\"Grafite na entrada do Mam, Os G\u00eameos\" src=\"data:image\/svg+xml,%3Csvg%20xmlns%3D%27http%3A%2F%2Fwww.w3.org%2F2000%2Fsvg%27%20width%3D%272560%27%20height%3D%271707%27%20viewBox%3D%270%200%202560%201707%27%3E%3Crect%20width%3D%272560%27%20height%3D%271707%27%20fill-opacity%3D%220%22%2F%3E%3C%2Fsvg%3E\" data-orig-src=\"https:\/\/brazilianculture.art\/wp-content\/uploads\/2026\/03\/5878023404_2c43590eec_o-scaled-e1775092572325.jpg\" alt class=\"lazyload img-responsive wp-image-7071\"\/><\/span><div class=\"awb-imageframe-caption-container\" style=\"text-align:center;\"><div class=\"awb-imageframe-caption\"><h5 class=\"awb-imageframe-caption-title\">Grafite na entrada do Mam, Os G\u00eameos<\/h5><p class=\"awb-imageframe-caption-text\">Parque Ibirapuera, Avenida Pedro \u00c1lvares Cabral, s\/n. Foto por Andr\u00e9 Deak para o Arte Fora do Museu (http:\/\/www.arteforadomuseu.com.br)<\/p><\/div><\/div><\/div><\/div><\/div><\/div><\/div><div class=\"fusion-fullwidth fullwidth-box fusion-builder-row-9 fusion-flex-container has-pattern-background has-mask-background nonhundred-percent-fullwidth non-hundred-percent-height-scrolling\" style=\"--awb-border-radius-top-left:0px;--awb-border-radius-top-right:0px;--awb-border-radius-bottom-right:0px;--awb-border-radius-bottom-left:0px;--awb-flex-wrap:wrap;\" ><div class=\"fusion-builder-row fusion-row fusion-flex-align-items-flex-start fusion-flex-content-wrap\" style=\"max-width:1331.2px;margin-left: calc(-4% \/ 2 );margin-right: calc(-4% \/ 2 );\"><div class=\"fusion-layout-column fusion_builder_column fusion-builder-column-20 fusion_builder_column_1_2 1_2 fusion-flex-column\" style=\"--awb-bg-size:cover;--awb-width-large:50%;--awb-margin-top-large:20px;--awb-spacing-right-large:3.84%;--awb-margin-bottom-large:20px;--awb-spacing-left-large:3.84%;--awb-width-medium:100%;--awb-order-medium:0;--awb-spacing-right-medium:1.92%;--awb-spacing-left-medium:1.92%;--awb-width-small:100%;--awb-order-small:0;--awb-spacing-right-small:1.92%;--awb-spacing-left-small:1.92%;\"><div class=\"fusion-column-wrapper fusion-column-has-shadow fusion-flex-justify-content-flex-start fusion-content-layout-column\"><div class=\"fusion-text fusion-text-12\"><p><span style=\"font-weight: 400;\">In Brazil, graffiti and urban art constitute a visual language deeply linked to the experience of the city, street culture and the dispute for visibility in the public space. Although they have been in dialogue with the international circulation of graffiti since the 1970s, these practices have acquired their own configurations in Brazil, linked to hip-hop culture, urban inequality, the symbolic occupation of the metropolis and the invention of local repertoires. Instead of being reduced to decorative intervention, they assert themselves as forms of aesthetic and social inscription on the urban landscape. <\/span><\/p>\n<p><span style=\"font-weight: 400;\">On a visual level, graffiti and urban art in Brazil stand out for the strength of their strokes, their larger scale, their chromatic intensity and the variety of their procedures. Stylized letters, characters, narrative figures, graphic patterns and monumental compositions began to operate in dialogue with walls, fa\u00e7ades, passageways and other surfaces in the city, incorporating the texture and materiality of the urban environment. At the same time, the Brazilian scene has consolidated its own vocabulary, visible both in productions linked to contemporary muralism and in remarkable trajectories such as that of Os G\u00eameos, whose work combines Brazilian culture, popular imagery and hip-hop references in a widely recognizable visuality. <\/span><\/p>\n<p><span style=\"font-weight: 400;\">In their historical and critical dimension, these practices are relevant because they move art outside the traditional institutional circuits and make visible issues related to territory, gender, race, the environment and urban memory. In Brazil, artists such as Panmela Castro and Mundano show how graffiti can also operate as a tool for activism and public intervention, broadening the field of urban art beyond the image and bringing it closer to urgent social debates. This is why graffiti and urban art occupy a central place in Brazilian visual culture today: not just as an aesthetic language, but as an active form of presence, criticism and invention in the urban space. <\/span><\/p>\n<\/div><\/div><\/div><div class=\"fusion-layout-column fusion_builder_column fusion-builder-column-21 fusion_builder_column_1_2 1_2 fusion-flex-column\" style=\"--awb-bg-size:cover;--awb-width-large:50%;--awb-margin-top-large:20px;--awb-spacing-right-large:3.84%;--awb-margin-bottom-large:20px;--awb-spacing-left-large:3.84%;--awb-width-medium:100%;--awb-order-medium:0;--awb-spacing-right-medium:1.92%;--awb-spacing-left-medium:1.92%;--awb-width-small:100%;--awb-order-small:0;--awb-spacing-right-small:1.92%;--awb-spacing-left-small:1.92%;\"><div class=\"fusion-column-wrapper fusion-column-has-shadow fusion-flex-justify-content-flex-start fusion-content-layout-column\"><div class=\"fusion-image-element awb-imageframe-style awb-imageframe-style-below awb-imageframe-style-10\" style=\"--awb-caption-title-font-family:var(--h4_typography-font-family);--awb-caption-title-font-weight:var(--h4_typography-font-weight);--awb-caption-title-font-style:var(--h4_typography-font-style);--awb-caption-title-size:var(--h4_typography-font-size);--awb-caption-title-transform:var(--h4_typography-text-transform);--awb-caption-title-line-height:var(--h4_typography-line-height);--awb-caption-title-letter-spacing:var(--h4_typography-letter-spacing);\"><span class=\" fusion-imageframe imageframe-none imageframe-10 hover-type-none\"><img decoding=\"async\" width=\"1938\" height=\"2560\" title=\"Os Gemeos\" src=\"https:\/\/brazilianculture.art\/wp-content\/uploads\/2026\/04\/OsGemeos-scaled.jpg\" data-orig-src=\"https:\/\/brazilianculture.art\/wp-content\/uploads\/2026\/04\/OsGemeos-scaled.jpg\" alt class=\"lazyload img-responsive wp-image-7166\" srcset=\"data:image\/svg+xml,%3Csvg%20xmlns%3D%27http%3A%2F%2Fwww.w3.org%2F2000%2Fsvg%27%20width%3D%271938%27%20height%3D%272560%27%20viewBox%3D%270%200%201938%202560%27%3E%3Crect%20width%3D%271938%27%20height%3D%272560%27%20fill-opacity%3D%220%22%2F%3E%3C%2Fsvg%3E\" data-srcset=\"https:\/\/brazilianculture.art\/wp-content\/uploads\/2026\/04\/OsGemeos-200x264.jpg 200w, https:\/\/brazilianculture.art\/wp-content\/uploads\/2026\/04\/OsGemeos-400x528.jpg 400w, https:\/\/brazilianculture.art\/wp-content\/uploads\/2026\/04\/OsGemeos-600x792.jpg 600w, https:\/\/brazilianculture.art\/wp-content\/uploads\/2026\/04\/OsGemeos-800x1057.jpg 800w, https:\/\/brazilianculture.art\/wp-content\/uploads\/2026\/04\/OsGemeos-1200x1585.jpg 1200w, https:\/\/brazilianculture.art\/wp-content\/uploads\/2026\/04\/OsGemeos-scaled.jpg 1938w\" data-sizes=\"auto\" data-orig-sizes=\"(max-width: 1024px) 100vw, (max-width: 640px) 100vw, 800px\" \/><\/span><div class=\"awb-imageframe-caption-container\" style=\"text-align:center;\"><div class=\"awb-imageframe-caption\"><h4 class=\"awb-imageframe-caption-title\">Os Gemeos<\/h4><\/div><\/div><\/div><\/div><\/div><\/div><\/div><div class=\"fusion-fullwidth fullwidth-box fusion-builder-row-10 fusion-flex-container has-pattern-background has-mask-background nonhundred-percent-fullwidth non-hundred-percent-height-scrolling\" style=\"--awb-border-radius-top-left:0px;--awb-border-radius-top-right:0px;--awb-border-radius-bottom-right:0px;--awb-border-radius-bottom-left:0px;--awb-flex-wrap:wrap;\" ><div class=\"fusion-builder-row fusion-row fusion-flex-align-items-flex-start fusion-flex-content-wrap\" style=\"max-width:1331.2px;margin-left: calc(-4% \/ 2 );margin-right: calc(-4% \/ 2 );\"><div class=\"fusion-layout-column fusion_builder_column fusion-builder-column-22 fusion_builder_column_1_1 1_1 fusion-flex-column\" style=\"--awb-bg-size:cover;--awb-width-large:100%;--awb-margin-top-large:20px;--awb-spacing-right-large:1.92%;--awb-margin-bottom-large:20px;--awb-spacing-left-large:1.92%;--awb-width-medium:100%;--awb-order-medium:0;--awb-spacing-right-medium:1.92%;--awb-spacing-left-medium:1.92%;--awb-width-small:100%;--awb-order-small:0;--awb-spacing-right-small:1.92%;--awb-spacing-left-small:1.92%;\"><div class=\"fusion-column-wrapper fusion-column-has-shadow fusion-flex-justify-content-flex-start fusion-content-layout-column\"><div class=\"fusion-text fusion-text-13\"><p><span class=\"TextRun SCXW162566108 BCX0\" lang=\"PT-BR\" xml:lang=\"PT-BR\" data-contrast=\"auto\"><span class=\"NormalTextRun SCXW162566108 BCX0\">Taken together, these movements highlight the strength, diversity, and sophistication of Brazilian art over time. Understanding them makes it possible to grasp how different artists, languages, and historical contexts have contributed to the formation of singular ways of creating and interpreting Brazil. Even as an introductory overview, this trajectory already reveals a broad, dynamic, and plural artistic field, capable of fostering a more attentive and engaged perspective on the country\u2019s cultural production. <\/span><\/span><\/p>\n<\/div><\/div><\/div><div class=\"fusion-layout-column fusion_builder_column fusion-builder-column-23 fusion_builder_column_1_1 1_1 fusion-flex-column\" style=\"--awb-bg-size:cover;--awb-width-large:100%;--awb-margin-top-large:20px;--awb-spacing-right-large:1.92%;--awb-margin-bottom-large:20px;--awb-spacing-left-large:1.92%;--awb-width-medium:100%;--awb-order-medium:0;--awb-spacing-right-medium:1.92%;--awb-spacing-left-medium:1.92%;--awb-width-small:100%;--awb-order-small:0;--awb-spacing-right-small:1.92%;--awb-spacing-left-small:1.92%;\"><div class=\"fusion-column-wrapper fusion-column-has-shadow fusion-flex-justify-content-flex-start fusion-content-layout-column\"><div class=\"accordian fusion-accordian\" style=\"--awb-border-size:0px;--awb-icon-size:16px;--awb-content-font-size:var(--awb-typography3-font-size);--awb-icon-alignment:left;--awb-hover-color:var(--awb-color2);--awb-border-color:rgba(255,255,255,0);--awb-background-color:var(--awb-color1);--awb-divider-color:var(--awb-color2);--awb-divider-hover-color:var(--awb-color2);--awb-icon-color:var(--awb-color7);--awb-title-color:var(--awb-color7);--awb-content-color:var(--awb-color7);--awb-icon-box-color:var(--awb-color7);--awb-toggle-hover-accent-color:var(--awb-color5);--awb-title-font-family:var(--awb-typography3-font-family);--awb-title-font-weight:var(--awb-typography3-font-weight);--awb-title-font-style:var(--awb-typography3-font-style);--awb-title-font-size:var(--awb-typography3-font-size);--awb-title-line-height:1.5;--awb-content-font-family:var(--awb-typography3-font-family);--awb-content-font-weight:var(--awb-typography3-font-weight);--awb-content-font-style:var(--awb-typography3-font-style);\"><div class=\"panel-group fusion-toggle-icon-unboxed\" id=\"accordion-7251-1\"><div class=\"fusion-panel panel-default panel-a6c0727ef7d2577dd fusion-toggle-no-divider\" style=\"--awb-title-color:var(--awb-color7);--awb-content-color:var(--awb-color7);\"><div class=\"panel-heading\"><h4 class=\"panel-title toggle\" id=\"toggle_a6c0727ef7d2577dd\"><a aria-expanded=\"false\" aria-controls=\"a6c0727ef7d2577dd\" role=\"button\" data-toggle=\"collapse\" data-target=\"#a6c0727ef7d2577dd\" href=\"#a6c0727ef7d2577dd\"><span class=\"fusion-toggle-icon-wrapper\" aria-hidden=\"true\"><i class=\"fa-fusion-box active-icon awb-icon-minus\" aria-hidden=\"true\"><\/i><i class=\"fa-fusion-box inactive-icon fa-landmark fas\" aria-hidden=\"true\"><\/i><\/span><span class=\"fusion-toggle-heading\">bibliography<\/span><\/a><\/h4><\/div><div id=\"a6c0727ef7d2577dd\" class=\"panel-collapse collapse \" aria-labelledby=\"toggle_a6c0727ef7d2577dd\"><div class=\"panel-body toggle-content fusion-clearfix\">\n<p>Acervo Digital da Unesp. Available at: acervodigital.unesp.br<br \/>\nEnciclop\u00e9dia Ita\u00fa Cultural. Expressionismo e obras associadas. Available at: enciclopedia.itaucultural.org.br<br \/>\nCanaltech. Fic\u00e7\u00e3o cient\u00edfica brasileira e movimentos como cyberagreste. Available at: canaltech.com.br<br data-start=\"866\" data-end=\"869\" \/>Krio Comics. Origem e conceito do cyberagreste na ilustra\u00e7\u00e3o brasileira. Available at: kriocomics.com.brEnciclop\u00e9dia Ita\u00fa Cultural. Expressionismo e obras associadas. Available at: enciclopedia.itaucultural.org.br<br data-start=\"972\" data-end=\"975\" \/>Canaltech. Fic\u00e7\u00e3o cient\u00edfica brasileira e movimentos como cyberagreste. Available at: canaltech.com.br<br data-start=\"866\" data-end=\"869\" \/>Krio Comics. Origem e conceito do cyberagreste na ilustra\u00e7\u00e3o brasileira. Available at: kriocomics.com.br<br data-start=\"972\" data-end=\"975\" \/>Brasil Escola. Movimento Armorial na arte brasileira. Available at: brasilescola.uol.com.br<br data-start=\"92\" data-end=\"95\" \/>Brasil Escola. Tropicalismo e contexto cultural brasileiro. Available at: brasilescola.uol.com.br<br data-start=\"193\" data-end=\"196\" \/>Toda Mat\u00e9ria. Modernismo no Brasil e suas fases. Available at: todamateria.com.br<br data-start=\"278\" data-end=\"281\" \/>Toda Mat\u00e9ria. Barroco no Brasil e caracter\u00edsticas art\u00edsticas. Available at: todamateria.com.br<br data-start=\"376\" data-end=\"379\" \/>Toda Mat\u00e9ria. Concretismo e arte geom\u00e9trica brasileira. Available at: todamateria.com.br<br data-start=\"468\" data-end=\"471\" \/>Toda Mat\u00e9ria. Neoconcretismo e arte sens\u00edvel no Brasil. Available at: todamateria.com.br<br data-start=\"560\" data-end=\"563\" \/>Toda Mat\u00e9ria. Manifesto Antrop\u00f3fago e identidade cultural brasileira. Available at: todamateria.com.br<br data-start=\"666\" data-end=\"669\" \/>Toda Mat\u00e9ria. Grafite e arte urbana contempor\u00e2nea. Available at: todamateria.com.br<\/p>\n<\/div><\/div><\/div><\/div><\/div><\/div><\/div><\/div><\/div><div class=\"fusion-fullwidth fullwidth-box fusion-builder-row-11 fusion-flex-container has-pattern-background has-mask-background nonhundred-percent-fullwidth non-hundred-percent-height-scrolling\" style=\"--awb-border-radius-top-left:0px;--awb-border-radius-top-right:0px;--awb-border-radius-bottom-right:0px;--awb-border-radius-bottom-left:0px;--awb-flex-wrap:wrap;\" ><div class=\"fusion-builder-row fusion-row fusion-flex-align-items-flex-start fusion-flex-content-wrap\" style=\"max-width:1331.2px;margin-left: calc(-4% \/ 2 );margin-right: calc(-4% \/ 2 );\"><div class=\"fusion-layout-column fusion_builder_column fusion-builder-column-24 fusion_builder_column_1_1 1_1 fusion-flex-column\" style=\"--awb-bg-size:cover;--awb-width-large:100%;--awb-margin-top-large:20px;--awb-spacing-right-large:1.92%;--awb-margin-bottom-large:20px;--awb-spacing-left-large:1.92%;--awb-width-medium:100%;--awb-order-medium:0;--awb-spacing-right-medium:1.92%;--awb-spacing-left-medium:1.92%;--awb-width-small:100%;--awb-order-small:0;--awb-spacing-right-small:1.92%;--awb-spacing-left-small:1.92%;\"><div class=\"fusion-column-wrapper fusion-column-has-shadow fusion-flex-justify-content-flex-start fusion-content-layout-column\"><\/div><\/div><\/div><\/div><\/p>\n","protected":false},"excerpt":{"rendered":"","protected":false},"author":3,"featured_media":7591,"comment_status":"open","ping_status":"open","sticky":false,"template":"","format":"standard","meta":{"footnotes":""},"categories":[92],"tags":[],"class_list":["post-7251","post","type-post","status-publish","format-standard","has-post-thumbnail","hentry","category-art-and-culture"],"yoast_head":"<!-- This site is optimized with the Yoast SEO plugin v27.4 - https:\/\/yoast.com\/product\/yoast-seo-wordpress\/ -->\n<title>10 Brazilian Artistic Movements for Beginners - BrazilianCulture.Art<\/title>\n<meta name=\"description\" content=\"Explore the sophistication of Brazilian artistic movements, where aesthetic invention, historical depth, and symbolic power intertwine in singular and compelling expressions.\" \/>\n<meta name=\"robots\" content=\"index, follow, max-snippet:-1, max-image-preview:large, max-video-preview:-1\" \/>\n<link rel=\"canonical\" href=\"https:\/\/brazilianculture.art\/en\/brazilian-artistic-movements\/\" \/>\n<meta property=\"og:locale\" content=\"en_US\" \/>\n<meta property=\"og:type\" content=\"article\" \/>\n<meta property=\"og:title\" content=\"10 Brazilian Artistic Movements for Beginners - BrazilianCulture.Art\" \/>\n<meta property=\"og:description\" content=\"Explore the sophistication of Brazilian artistic movements, where aesthetic invention, historical depth, and symbolic power intertwine in singular and compelling expressions.\" \/>\n<meta property=\"og:url\" content=\"https:\/\/brazilianculture.art\/en\/brazilian-artistic-movements\/\" \/>\n<meta property=\"og:site_name\" content=\"BrazilianCulture.Art\" \/>\n<meta property=\"article:publisher\" content=\"https:\/\/www.facebook.com\/profile.php?id=100090895031360\" \/>\n<meta property=\"article:published_time\" content=\"2026-05-01T23:21:48+00:00\" \/>\n<meta property=\"article:modified_time\" content=\"2026-05-01T23:58:13+00:00\" \/>\n<meta property=\"og:image\" content=\"https:\/\/brazilianculture.art\/wp-content\/uploads\/2026\/04\/Batizado-de-Macunaima-1956-Oleo-sobre-tela-Tarsila-do-Amaral-scaled.jpeg\" \/>\n\t<meta property=\"og:image:width\" content=\"2560\" \/>\n\t<meta property=\"og:image:height\" content=\"1475\" \/>\n\t<meta property=\"og:image:type\" content=\"image\/jpeg\" \/>\n<meta name=\"author\" content=\"Julee Rom\u00e3o Silva\" \/>\n<meta name=\"twitter:card\" content=\"summary_large_image\" \/>\n<script type=\"application\/ld+json\" class=\"yoast-schema-graph\">{\"@context\":\"https:\\\/\\\/schema.org\",\"@graph\":[{\"@type\":\"Article\",\"@id\":\"https:\\\/\\\/brazilianculture.art\\\/en\\\/brazilian-artistic-movements\\\/#article\",\"isPartOf\":{\"@id\":\"https:\\\/\\\/brazilianculture.art\\\/en\\\/brazilian-artistic-movements\\\/\"},\"author\":{\"name\":\"Julee Rom\u00e3o Silva\",\"@id\":\"https:\\\/\\\/brazilianculture.art\\\/en\\\/#\\\/schema\\\/person\\\/84e55b3c1aaed72ecf026b867b5d6c9e\"},\"headline\":\"10 Brazilian Artistic Movements for Beginners\",\"datePublished\":\"2026-05-01T23:21:48+00:00\",\"dateModified\":\"2026-05-01T23:58:13+00:00\",\"mainEntityOfPage\":{\"@id\":\"https:\\\/\\\/brazilianculture.art\\\/en\\\/brazilian-artistic-movements\\\/\"},\"wordCount\":29165,\"commentCount\":0,\"publisher\":{\"@id\":\"https:\\\/\\\/brazilianculture.art\\\/en\\\/#organization\"},\"image\":{\"@id\":\"https:\\\/\\\/brazilianculture.art\\\/en\\\/brazilian-artistic-movements\\\/#primaryimage\"},\"thumbnailUrl\":\"https:\\\/\\\/brazilianculture.art\\\/wp-content\\\/uploads\\\/2026\\\/04\\\/Batizado-de-Macunaima-1956-Oleo-sobre-tela-Tarsila-do-Amaral-scaled.jpeg\",\"articleSection\":[\"Art and Culture\"],\"inLanguage\":\"en-US\",\"potentialAction\":[{\"@type\":\"CommentAction\",\"name\":\"Comment\",\"target\":[\"https:\\\/\\\/brazilianculture.art\\\/en\\\/brazilian-artistic-movements\\\/#respond\"]}]},{\"@type\":\"WebPage\",\"@id\":\"https:\\\/\\\/brazilianculture.art\\\/en\\\/brazilian-artistic-movements\\\/\",\"url\":\"https:\\\/\\\/brazilianculture.art\\\/en\\\/brazilian-artistic-movements\\\/\",\"name\":\"10 Brazilian Artistic Movements for Beginners - BrazilianCulture.Art\",\"isPartOf\":{\"@id\":\"https:\\\/\\\/brazilianculture.art\\\/en\\\/#website\"},\"primaryImageOfPage\":{\"@id\":\"https:\\\/\\\/brazilianculture.art\\\/en\\\/brazilian-artistic-movements\\\/#primaryimage\"},\"image\":{\"@id\":\"https:\\\/\\\/brazilianculture.art\\\/en\\\/brazilian-artistic-movements\\\/#primaryimage\"},\"thumbnailUrl\":\"https:\\\/\\\/brazilianculture.art\\\/wp-content\\\/uploads\\\/2026\\\/04\\\/Batizado-de-Macunaima-1956-Oleo-sobre-tela-Tarsila-do-Amaral-scaled.jpeg\",\"datePublished\":\"2026-05-01T23:21:48+00:00\",\"dateModified\":\"2026-05-01T23:58:13+00:00\",\"description\":\"Explore the sophistication of Brazilian artistic movements, where aesthetic invention, historical depth, and symbolic power intertwine in singular and compelling expressions.\",\"breadcrumb\":{\"@id\":\"https:\\\/\\\/brazilianculture.art\\\/en\\\/brazilian-artistic-movements\\\/#breadcrumb\"},\"inLanguage\":\"en-US\",\"potentialAction\":[{\"@type\":\"ReadAction\",\"target\":[\"https:\\\/\\\/brazilianculture.art\\\/en\\\/brazilian-artistic-movements\\\/\"]}]},{\"@type\":\"ImageObject\",\"inLanguage\":\"en-US\",\"@id\":\"https:\\\/\\\/brazilianculture.art\\\/en\\\/brazilian-artistic-movements\\\/#primaryimage\",\"url\":\"https:\\\/\\\/brazilianculture.art\\\/wp-content\\\/uploads\\\/2026\\\/04\\\/Batizado-de-Macunaima-1956-Oleo-sobre-tela-Tarsila-do-Amaral-scaled.jpeg\",\"contentUrl\":\"https:\\\/\\\/brazilianculture.art\\\/wp-content\\\/uploads\\\/2026\\\/04\\\/Batizado-de-Macunaima-1956-Oleo-sobre-tela-Tarsila-do-Amaral-scaled.jpeg\",\"width\":2560,\"height\":1475},{\"@type\":\"BreadcrumbList\",\"@id\":\"https:\\\/\\\/brazilianculture.art\\\/en\\\/brazilian-artistic-movements\\\/#breadcrumb\",\"itemListElement\":[{\"@type\":\"ListItem\",\"position\":1,\"name\":\"Startseite\",\"item\":\"https:\\\/\\\/brazilianculture.art\\\/en\\\/\"},{\"@type\":\"ListItem\",\"position\":2,\"name\":\"10 Brazilian Artistic Movements for Beginners\"}]},{\"@type\":\"WebSite\",\"@id\":\"https:\\\/\\\/brazilianculture.art\\\/en\\\/#website\",\"url\":\"https:\\\/\\\/brazilianculture.art\\\/en\\\/\",\"name\":\"BrazilianCulture.Art\",\"description\":\"Feel the Planet Brazil\",\"publisher\":{\"@id\":\"https:\\\/\\\/brazilianculture.art\\\/en\\\/#organization\"},\"potentialAction\":[{\"@type\":\"SearchAction\",\"target\":{\"@type\":\"EntryPoint\",\"urlTemplate\":\"https:\\\/\\\/brazilianculture.art\\\/en\\\/?s={search_term_string}\"},\"query-input\":{\"@type\":\"PropertyValueSpecification\",\"valueRequired\":true,\"valueName\":\"search_term_string\"}}],\"inLanguage\":\"en-US\"},{\"@type\":\"Organization\",\"@id\":\"https:\\\/\\\/brazilianculture.art\\\/en\\\/#organization\",\"name\":\"BrazilianCulture.Art\",\"url\":\"https:\\\/\\\/brazilianculture.art\\\/en\\\/\",\"logo\":{\"@type\":\"ImageObject\",\"inLanguage\":\"en-US\",\"@id\":\"https:\\\/\\\/brazilianculture.art\\\/en\\\/#\\\/schema\\\/logo\\\/image\\\/\",\"url\":\"https:\\\/\\\/brazilianculture.art\\\/wp-content\\\/uploads\\\/2023\\\/04\\\/Brazilian-culture-.art-2.png\",\"contentUrl\":\"https:\\\/\\\/brazilianculture.art\\\/wp-content\\\/uploads\\\/2023\\\/04\\\/Brazilian-culture-.art-2.png\",\"width\":1080,\"height\":1080,\"caption\":\"BrazilianCulture.Art\"},\"image\":{\"@id\":\"https:\\\/\\\/brazilianculture.art\\\/en\\\/#\\\/schema\\\/logo\\\/image\\\/\"},\"sameAs\":[\"https:\\\/\\\/www.facebook.com\\\/profile.php?id=100090895031360\",\"https:\\\/\\\/www.instagram.com\\\/brazilianculture.art\\\/\"]},{\"@type\":\"Person\",\"@id\":\"https:\\\/\\\/brazilianculture.art\\\/en\\\/#\\\/schema\\\/person\\\/84e55b3c1aaed72ecf026b867b5d6c9e\",\"name\":\"Julee Rom\u00e3o Silva\",\"image\":{\"@type\":\"ImageObject\",\"inLanguage\":\"en-US\",\"@id\":\"https:\\\/\\\/secure.gravatar.com\\\/avatar\\\/f513ba16a17621dcaa2298ec0ee5fbaa68e10214c331fa8e360d0bcac9d4ed9d?s=96&d=mm&r=g\",\"url\":\"https:\\\/\\\/secure.gravatar.com\\\/avatar\\\/f513ba16a17621dcaa2298ec0ee5fbaa68e10214c331fa8e360d0bcac9d4ed9d?s=96&d=mm&r=g\",\"contentUrl\":\"https:\\\/\\\/secure.gravatar.com\\\/avatar\\\/f513ba16a17621dcaa2298ec0ee5fbaa68e10214c331fa8e360d0bcac9d4ed9d?s=96&d=mm&r=g\",\"caption\":\"Julee Rom\u00e3o Silva\"}}]}<\/script>\n<!-- \/ Yoast SEO plugin. -->","yoast_head_json":{"title":"10 Brazilian Artistic Movements for Beginners - BrazilianCulture.Art","description":"Explore the sophistication of Brazilian artistic movements, where aesthetic invention, historical depth, and symbolic power intertwine in singular and compelling expressions.","robots":{"index":"index","follow":"follow","max-snippet":"max-snippet:-1","max-image-preview":"max-image-preview:large","max-video-preview":"max-video-preview:-1"},"canonical":"https:\/\/brazilianculture.art\/en\/brazilian-artistic-movements\/","og_locale":"en_US","og_type":"article","og_title":"10 Brazilian Artistic Movements for Beginners - BrazilianCulture.Art","og_description":"Explore the sophistication of Brazilian artistic movements, where aesthetic invention, historical depth, and symbolic power intertwine in singular and compelling expressions.","og_url":"https:\/\/brazilianculture.art\/en\/brazilian-artistic-movements\/","og_site_name":"BrazilianCulture.Art","article_publisher":"https:\/\/www.facebook.com\/profile.php?id=100090895031360","article_published_time":"2026-05-01T23:21:48+00:00","article_modified_time":"2026-05-01T23:58:13+00:00","og_image":[{"width":2560,"height":1475,"url":"https:\/\/brazilianculture.art\/wp-content\/uploads\/2026\/04\/Batizado-de-Macunaima-1956-Oleo-sobre-tela-Tarsila-do-Amaral-scaled.jpeg","type":"image\/jpeg"}],"author":"Julee Rom\u00e3o Silva","twitter_card":"summary_large_image","schema":{"@context":"https:\/\/schema.org","@graph":[{"@type":"Article","@id":"https:\/\/brazilianculture.art\/en\/brazilian-artistic-movements\/#article","isPartOf":{"@id":"https:\/\/brazilianculture.art\/en\/brazilian-artistic-movements\/"},"author":{"name":"Julee Rom\u00e3o Silva","@id":"https:\/\/brazilianculture.art\/en\/#\/schema\/person\/84e55b3c1aaed72ecf026b867b5d6c9e"},"headline":"10 Brazilian Artistic Movements for Beginners","datePublished":"2026-05-01T23:21:48+00:00","dateModified":"2026-05-01T23:58:13+00:00","mainEntityOfPage":{"@id":"https:\/\/brazilianculture.art\/en\/brazilian-artistic-movements\/"},"wordCount":29165,"commentCount":0,"publisher":{"@id":"https:\/\/brazilianculture.art\/en\/#organization"},"image":{"@id":"https:\/\/brazilianculture.art\/en\/brazilian-artistic-movements\/#primaryimage"},"thumbnailUrl":"https:\/\/brazilianculture.art\/wp-content\/uploads\/2026\/04\/Batizado-de-Macunaima-1956-Oleo-sobre-tela-Tarsila-do-Amaral-scaled.jpeg","articleSection":["Art and Culture"],"inLanguage":"en-US","potentialAction":[{"@type":"CommentAction","name":"Comment","target":["https:\/\/brazilianculture.art\/en\/brazilian-artistic-movements\/#respond"]}]},{"@type":"WebPage","@id":"https:\/\/brazilianculture.art\/en\/brazilian-artistic-movements\/","url":"https:\/\/brazilianculture.art\/en\/brazilian-artistic-movements\/","name":"10 Brazilian Artistic Movements for Beginners - BrazilianCulture.Art","isPartOf":{"@id":"https:\/\/brazilianculture.art\/en\/#website"},"primaryImageOfPage":{"@id":"https:\/\/brazilianculture.art\/en\/brazilian-artistic-movements\/#primaryimage"},"image":{"@id":"https:\/\/brazilianculture.art\/en\/brazilian-artistic-movements\/#primaryimage"},"thumbnailUrl":"https:\/\/brazilianculture.art\/wp-content\/uploads\/2026\/04\/Batizado-de-Macunaima-1956-Oleo-sobre-tela-Tarsila-do-Amaral-scaled.jpeg","datePublished":"2026-05-01T23:21:48+00:00","dateModified":"2026-05-01T23:58:13+00:00","description":"Explore the sophistication of Brazilian artistic movements, where aesthetic invention, historical depth, and symbolic power intertwine in singular and compelling expressions.","breadcrumb":{"@id":"https:\/\/brazilianculture.art\/en\/brazilian-artistic-movements\/#breadcrumb"},"inLanguage":"en-US","potentialAction":[{"@type":"ReadAction","target":["https:\/\/brazilianculture.art\/en\/brazilian-artistic-movements\/"]}]},{"@type":"ImageObject","inLanguage":"en-US","@id":"https:\/\/brazilianculture.art\/en\/brazilian-artistic-movements\/#primaryimage","url":"https:\/\/brazilianculture.art\/wp-content\/uploads\/2026\/04\/Batizado-de-Macunaima-1956-Oleo-sobre-tela-Tarsila-do-Amaral-scaled.jpeg","contentUrl":"https:\/\/brazilianculture.art\/wp-content\/uploads\/2026\/04\/Batizado-de-Macunaima-1956-Oleo-sobre-tela-Tarsila-do-Amaral-scaled.jpeg","width":2560,"height":1475},{"@type":"BreadcrumbList","@id":"https:\/\/brazilianculture.art\/en\/brazilian-artistic-movements\/#breadcrumb","itemListElement":[{"@type":"ListItem","position":1,"name":"Startseite","item":"https:\/\/brazilianculture.art\/en\/"},{"@type":"ListItem","position":2,"name":"10 Brazilian Artistic Movements for Beginners"}]},{"@type":"WebSite","@id":"https:\/\/brazilianculture.art\/en\/#website","url":"https:\/\/brazilianculture.art\/en\/","name":"BrazilianCulture.Art","description":"Feel the Planet Brazil","publisher":{"@id":"https:\/\/brazilianculture.art\/en\/#organization"},"potentialAction":[{"@type":"SearchAction","target":{"@type":"EntryPoint","urlTemplate":"https:\/\/brazilianculture.art\/en\/?s={search_term_string}"},"query-input":{"@type":"PropertyValueSpecification","valueRequired":true,"valueName":"search_term_string"}}],"inLanguage":"en-US"},{"@type":"Organization","@id":"https:\/\/brazilianculture.art\/en\/#organization","name":"BrazilianCulture.Art","url":"https:\/\/brazilianculture.art\/en\/","logo":{"@type":"ImageObject","inLanguage":"en-US","@id":"https:\/\/brazilianculture.art\/en\/#\/schema\/logo\/image\/","url":"https:\/\/brazilianculture.art\/wp-content\/uploads\/2023\/04\/Brazilian-culture-.art-2.png","contentUrl":"https:\/\/brazilianculture.art\/wp-content\/uploads\/2023\/04\/Brazilian-culture-.art-2.png","width":1080,"height":1080,"caption":"BrazilianCulture.Art"},"image":{"@id":"https:\/\/brazilianculture.art\/en\/#\/schema\/logo\/image\/"},"sameAs":["https:\/\/www.facebook.com\/profile.php?id=100090895031360","https:\/\/www.instagram.com\/brazilianculture.art\/"]},{"@type":"Person","@id":"https:\/\/brazilianculture.art\/en\/#\/schema\/person\/84e55b3c1aaed72ecf026b867b5d6c9e","name":"Julee Rom\u00e3o Silva","image":{"@type":"ImageObject","inLanguage":"en-US","@id":"https:\/\/secure.gravatar.com\/avatar\/f513ba16a17621dcaa2298ec0ee5fbaa68e10214c331fa8e360d0bcac9d4ed9d?s=96&d=mm&r=g","url":"https:\/\/secure.gravatar.com\/avatar\/f513ba16a17621dcaa2298ec0ee5fbaa68e10214c331fa8e360d0bcac9d4ed9d?s=96&d=mm&r=g","contentUrl":"https:\/\/secure.gravatar.com\/avatar\/f513ba16a17621dcaa2298ec0ee5fbaa68e10214c331fa8e360d0bcac9d4ed9d?s=96&d=mm&r=g","caption":"Julee Rom\u00e3o Silva"}}]}},"_links":{"self":[{"href":"https:\/\/brazilianculture.art\/en\/wp-json\/wp\/v2\/posts\/7251","targetHints":{"allow":["GET"]}}],"collection":[{"href":"https:\/\/brazilianculture.art\/en\/wp-json\/wp\/v2\/posts"}],"about":[{"href":"https:\/\/brazilianculture.art\/en\/wp-json\/wp\/v2\/types\/post"}],"author":[{"embeddable":true,"href":"https:\/\/brazilianculture.art\/en\/wp-json\/wp\/v2\/users\/3"}],"replies":[{"embeddable":true,"href":"https:\/\/brazilianculture.art\/en\/wp-json\/wp\/v2\/comments?post=7251"}],"version-history":[{"count":18,"href":"https:\/\/brazilianculture.art\/en\/wp-json\/wp\/v2\/posts\/7251\/revisions"}],"predecessor-version":[{"id":7637,"href":"https:\/\/brazilianculture.art\/en\/wp-json\/wp\/v2\/posts\/7251\/revisions\/7637"}],"wp:featuredmedia":[{"embeddable":true,"href":"https:\/\/brazilianculture.art\/en\/wp-json\/wp\/v2\/media\/7591"}],"wp:attachment":[{"href":"https:\/\/brazilianculture.art\/en\/wp-json\/wp\/v2\/media?parent=7251"}],"wp:term":[{"taxonomy":"category","embeddable":true,"href":"https:\/\/brazilianculture.art\/en\/wp-json\/wp\/v2\/categories?post=7251"},{"taxonomy":"post_tag","embeddable":true,"href":"https:\/\/brazilianculture.art\/en\/wp-json\/wp\/v2\/tags?post=7251"}],"curies":[{"name":"wp","href":"https:\/\/api.w.org\/{rel}","templated":true}]}}