{"id":4337,"date":"2024-03-16T22:38:51","date_gmt":"2024-03-16T21:38:51","guid":{"rendered":"https:\/\/brazilianculture.art\/?p=4337"},"modified":"2024-03-16T22:42:34","modified_gmt":"2024-03-16T21:42:34","slug":"la-cocina-nordestina-brasilena","status":"publish","type":"post","link":"https:\/\/brazilianculture.art\/es\/la-cocina-nordestina-brasilena\/","title":{"rendered":"Gastronom\u00eda del Noreste: Descubriendo los Sabores \u00danicos de la Cocina Nordestina Brasile\u00f1a"},"content":{"rendered":"<p><div class=\"fusion-fullwidth fullwidth-box fusion-builder-row-1 fusion-flex-container has-pattern-background has-mask-background nonhundred-percent-fullwidth non-hundred-percent-height-scrolling\" style=\"--awb-border-radius-top-left:0px;--awb-border-radius-top-right:0px;--awb-border-radius-bottom-right:0px;--awb-border-radius-bottom-left:0px;--awb-flex-wrap:wrap;\" ><div class=\"fusion-builder-row fusion-row fusion-flex-align-items-flex-start fusion-flex-content-wrap\" style=\"max-width:1331.2px;margin-left: calc(-4% \/ 2 );margin-right: calc(-4% \/ 2 );\"><div class=\"fusion-layout-column fusion_builder_column fusion-builder-column-0 fusion_builder_column_1_1 1_1 fusion-flex-column\" style=\"--awb-bg-size:cover;--awb-width-large:100%;--awb-margin-top-large:20px;--awb-spacing-right-large:1.92%;--awb-margin-bottom-large:20px;--awb-spacing-left-large:1.92%;--awb-width-medium:100%;--awb-order-medium:0;--awb-spacing-right-medium:1.92%;--awb-spacing-left-medium:1.92%;--awb-width-small:100%;--awb-order-small:0;--awb-spacing-right-small:1.92%;--awb-spacing-left-small:1.92%;\"><div class=\"fusion-column-wrapper fusion-column-has-shadow fusion-flex-justify-content-flex-start fusion-content-layout-column\"><div class=\"fusion-image-element \" style=\"text-align:center;--awb-caption-title-font-family:var(--h2_typography-font-family);--awb-caption-title-font-weight:var(--h2_typography-font-weight);--awb-caption-title-font-style:var(--h2_typography-font-style);--awb-caption-title-size:var(--h2_typography-font-size);--awb-caption-title-transform:var(--h2_typography-text-transform);--awb-caption-title-line-height:var(--h2_typography-line-height);--awb-caption-title-letter-spacing:var(--h2_typography-letter-spacing);\"><span class=\" fusion-imageframe imageframe-none imageframe-1 hover-type-none\"><img decoding=\"async\" width=\"1024\" height=\"682\" title=\"moqueca_baiana_1\" src=\"https:\/\/brazilianculture.art\/wp-content\/uploads\/2024\/03\/moqueca_baiana_1-1.jpg\" data-orig-src=\"https:\/\/brazilianculture.art\/wp-content\/uploads\/2024\/03\/moqueca_baiana_1-1-1024x682.jpg\" alt class=\"lazyload img-responsive wp-image-4290\" srcset=\"data:image\/svg+xml,%3Csvg%20xmlns%3D%27http%3A%2F%2Fwww.w3.org%2F2000%2Fsvg%27%20width%3D%271280%27%20height%3D%27853%27%20viewBox%3D%270%200%201280%20853%27%3E%3Crect%20width%3D%271280%27%20height%3D%27853%27%20fill-opacity%3D%220%22%2F%3E%3C%2Fsvg%3E\" data-srcset=\"https:\/\/brazilianculture.art\/wp-content\/uploads\/2024\/03\/moqueca_baiana_1-1-200x133.jpg 200w, https:\/\/brazilianculture.art\/wp-content\/uploads\/2024\/03\/moqueca_baiana_1-1-400x267.jpg 400w, https:\/\/brazilianculture.art\/wp-content\/uploads\/2024\/03\/moqueca_baiana_1-1-600x400.jpg 600w, https:\/\/brazilianculture.art\/wp-content\/uploads\/2024\/03\/moqueca_baiana_1-1-800x533.jpg 800w, https:\/\/brazilianculture.art\/wp-content\/uploads\/2024\/03\/moqueca_baiana_1-1-1200x800.jpg 1200w, https:\/\/brazilianculture.art\/wp-content\/uploads\/2024\/03\/moqueca_baiana_1-1.jpg 1280w\" data-sizes=\"auto\" data-orig-sizes=\"(max-width: 1024px) 100vw, (max-width: 640px) 100vw, 1024px\" \/><\/span><\/div><div class=\"fusion-text fusion-text-1\" style=\"--awb-margin-top:20px;\"><p>La cocina del Noreste de Brasil es un mosaico de sabores, colores y aromas que reflejan la diversidad cultural y geogr\u00e1fica de esta rica regi\u00f3n de Brasil. Desde la caatinga hasta la costa, pasando por el sert\u00e3o y el agreste, la gastronom\u00eda del Noreste es un viaje sensorial a trav\u00e9s de tradiciones ancestrales, influencias ind\u00edgenas, africanas y europeas, resultando en una cocina \u00fanica, rica en identidad y sabor. En este art\u00edculo, nos embarcamos en un viaje culinario para descubrir los sabores \u00fanicos de la cocina nordestina brasile\u00f1a, explorando el origen de los platos m\u00e1s emblem\u00e1ticos y sus historias.<\/p>\n<\/div><div class=\"fusion-text fusion-text-2\"><h3>Moqueca Baiana: El Sabor de Bah\u00eda<\/h3>\n<\/div><div class=\"fusion-image-element \" style=\"text-align:center;--awb-caption-title-font-family:var(--h2_typography-font-family);--awb-caption-title-font-weight:var(--h2_typography-font-weight);--awb-caption-title-font-style:var(--h2_typography-font-style);--awb-caption-title-size:var(--h2_typography-font-size);--awb-caption-title-transform:var(--h2_typography-text-transform);--awb-caption-title-line-height:var(--h2_typography-line-height);--awb-caption-title-letter-spacing:var(--h2_typography-letter-spacing);\"><span class=\" fusion-imageframe imageframe-none imageframe-2 hover-type-none\"><img decoding=\"async\" width=\"651\" height=\"434\" title=\"228-bk-8719-formato-blog-0001s-0003-curves-1\" src=\"https:\/\/brazilianculture.art\/wp-content\/uploads\/2024\/03\/228-bk-8719-formato-blog-0001s-0003-curves-1.webp\" data-orig-src=\"https:\/\/brazilianculture.art\/wp-content\/uploads\/2024\/03\/228-bk-8719-formato-blog-0001s-0003-curves-1.webp\" alt class=\"lazyload img-responsive wp-image-4262\" srcset=\"data:image\/svg+xml,%3Csvg%20xmlns%3D%27http%3A%2F%2Fwww.w3.org%2F2000%2Fsvg%27%20width%3D%27651%27%20height%3D%27434%27%20viewBox%3D%270%200%20651%20434%27%3E%3Crect%20width%3D%27651%27%20height%3D%27434%27%20fill-opacity%3D%220%22%2F%3E%3C%2Fsvg%3E\" data-srcset=\"https:\/\/brazilianculture.art\/wp-content\/uploads\/2024\/03\/228-bk-8719-formato-blog-0001s-0003-curves-1-200x133.webp 200w, https:\/\/brazilianculture.art\/wp-content\/uploads\/2024\/03\/228-bk-8719-formato-blog-0001s-0003-curves-1-400x267.webp 400w, https:\/\/brazilianculture.art\/wp-content\/uploads\/2024\/03\/228-bk-8719-formato-blog-0001s-0003-curves-1-600x400.webp 600w, https:\/\/brazilianculture.art\/wp-content\/uploads\/2024\/03\/228-bk-8719-formato-blog-0001s-0003-curves-1.webp 651w\" data-sizes=\"auto\" data-orig-sizes=\"(max-width: 1024px) 100vw, (max-width: 640px) 100vw, 651px\" \/><\/span><\/div><div class=\"fusion-text fusion-text-3\" style=\"--awb-margin-top:20px;\"><p>La Moqueca Baiana es un plato que traduce la esencia de Bah\u00eda en cada cucharada. Con ra\u00edces ind\u00edgenas, esta delicadeza se prepara con pescado fresco, leche de coco, aceite de dend\u00ea y una selecci\u00f3n de especias que le otorgan un sabor distintivo. La Moqueca refleja el crisol cultural de la regi\u00f3n, mostrando la influencia africana a trav\u00e9s del uso de dend\u00ea y el legado ind\u00edgena en la t\u00e9cnica de cocci\u00f3n. Tradicionalmente servida con farofa y arroz, la Moqueca Baiana es una verdadera fiesta para los sentidos, representando la hospitalidad y alegr\u00eda del pueblo bahiano.<\/p>\n<\/div><\/div><\/div><\/div><\/div><div class=\"fusion-fullwidth fullwidth-box fusion-builder-row-2 fusion-flex-container has-pattern-background has-mask-background nonhundred-percent-fullwidth non-hundred-percent-height-scrolling\" style=\"--awb-border-radius-top-left:0px;--awb-border-radius-top-right:0px;--awb-border-radius-bottom-right:0px;--awb-border-radius-bottom-left:0px;--awb-flex-wrap:wrap;\" ><div class=\"fusion-builder-row fusion-row fusion-flex-align-items-flex-start fusion-flex-content-wrap\" style=\"max-width:1331.2px;margin-left: calc(-4% \/ 2 );margin-right: calc(-4% \/ 2 );\"><div class=\"fusion-layout-column fusion_builder_column fusion-builder-column-1 fusion_builder_column_2_3 2_3 fusion-flex-column\" style=\"--awb-bg-size:cover;--awb-width-large:66.666666666667%;--awb-margin-top-large:20px;--awb-spacing-right-large:2.88%;--awb-margin-bottom-large:20px;--awb-spacing-left-large:2.88%;--awb-width-medium:100%;--awb-order-medium:0;--awb-spacing-right-medium:1.92%;--awb-spacing-left-medium:1.92%;--awb-width-small:100%;--awb-order-small:0;--awb-spacing-right-small:1.92%;--awb-spacing-left-small:1.92%;\"><div class=\"fusion-column-wrapper fusion-column-has-shadow fusion-flex-justify-content-flex-start fusion-content-layout-column\"><div class=\"fusion-text fusion-text-4\" style=\"--awb-margin-top:20px;\"><h3>Bai\u00e3o de Dois: El Alma de Cear\u00e1<\/h3>\n<p>El Bai\u00e3o de Dois es m\u00e1s que un plato t\u00edpico de Cear\u00e1; es una expresi\u00f3n del alma nordestina. Esta combinaci\u00f3n armoniosa de arroz, frijoles de ojo negro, queso y carne seca data del per\u00edodo colonial y simboliza la uni\u00f3n de culturas ind\u00edgenas y europeas. El nombre \u00abbai\u00e3o\u00bb es un homenaje al ritmo musical hom\u00f3nimo, reforzando la fuerte conexi\u00f3n entre la gastronom\u00eda nordestina y la m\u00fasica. Este plato es un ejemplo de c\u00f3mo la cocina puede convertir ingredientes simples en una explosi\u00f3n de sabor, ofreciendo consuelo y satisfacci\u00f3n.<\/p>\n<\/div><\/div><\/div><div class=\"fusion-layout-column fusion_builder_column fusion-builder-column-2 fusion_builder_column_1_5 1_5 fusion-flex-column\" style=\"--awb-bg-size:cover;--awb-width-large:20%;--awb-margin-top-large:20px;--awb-spacing-right-large:9.6%;--awb-margin-bottom-large:20px;--awb-spacing-left-large:9.6%;--awb-width-medium:100%;--awb-order-medium:0;--awb-spacing-right-medium:1.92%;--awb-spacing-left-medium:1.92%;--awb-width-small:100%;--awb-order-small:0;--awb-spacing-right-small:1.92%;--awb-spacing-left-small:1.92%;\"><div class=\"fusion-column-wrapper fusion-column-has-shadow fusion-flex-justify-content-flex-start fusion-content-layout-column\"><div class=\"fusion-image-element \" style=\"--awb-margin-top:20px;--awb-caption-title-font-family:var(--h2_typography-font-family);--awb-caption-title-font-weight:var(--h2_typography-font-weight);--awb-caption-title-font-style:var(--h2_typography-font-style);--awb-caption-title-size:var(--h2_typography-font-size);--awb-caption-title-transform:var(--h2_typography-text-transform);--awb-caption-title-line-height:var(--h2_typography-line-height);--awb-caption-title-letter-spacing:var(--h2_typography-letter-spacing);\"><span class=\" fusion-imageframe imageframe-none imageframe-3 hover-type-none\"><img decoding=\"async\" width=\"600\" height=\"900\" title=\"baiao-de-dois-1828220-article\" src=\"https:\/\/brazilianculture.art\/wp-content\/uploads\/2024\/03\/baiao-de-dois-1828220-article.jpg\" data-orig-src=\"https:\/\/brazilianculture.art\/wp-content\/uploads\/2024\/03\/baiao-de-dois-1828220-article.jpg\" alt class=\"lazyload img-responsive wp-image-4274\" srcset=\"data:image\/svg+xml,%3Csvg%20xmlns%3D%27http%3A%2F%2Fwww.w3.org%2F2000%2Fsvg%27%20width%3D%27600%27%20height%3D%27900%27%20viewBox%3D%270%200%20600%20900%27%3E%3Crect%20width%3D%27600%27%20height%3D%27900%27%20fill-opacity%3D%220%22%2F%3E%3C%2Fsvg%3E\" data-srcset=\"https:\/\/brazilianculture.art\/wp-content\/uploads\/2024\/03\/baiao-de-dois-1828220-article-200x300.jpg 200w, https:\/\/brazilianculture.art\/wp-content\/uploads\/2024\/03\/baiao-de-dois-1828220-article-400x600.jpg 400w, https:\/\/brazilianculture.art\/wp-content\/uploads\/2024\/03\/baiao-de-dois-1828220-article.jpg 600w\" data-sizes=\"auto\" data-orig-sizes=\"(max-width: 1024px) 100vw, (max-width: 640px) 100vw, 400px\" \/><\/span><\/div><\/div><\/div><\/div><\/div><div class=\"fusion-fullwidth fullwidth-box fusion-builder-row-3 fusion-flex-container has-pattern-background has-mask-background nonhundred-percent-fullwidth non-hundred-percent-height-scrolling\" style=\"--awb-border-radius-top-left:0px;--awb-border-radius-top-right:0px;--awb-border-radius-bottom-right:0px;--awb-border-radius-bottom-left:0px;--awb-flex-wrap:wrap;\" ><div class=\"fusion-builder-row fusion-row fusion-flex-align-items-flex-start fusion-flex-content-wrap\" style=\"max-width:1331.2px;margin-left: calc(-4% \/ 2 );margin-right: calc(-4% \/ 2 );\"><div class=\"fusion-layout-column fusion_builder_column fusion-builder-column-3 fusion_builder_column_1_1 1_1 fusion-flex-column\" style=\"--awb-bg-size:cover;--awb-width-large:100%;--awb-margin-top-large:20px;--awb-spacing-right-large:1.92%;--awb-margin-bottom-large:20px;--awb-spacing-left-large:1.92%;--awb-width-medium:100%;--awb-order-medium:0;--awb-spacing-right-medium:1.92%;--awb-spacing-left-medium:1.92%;--awb-width-small:100%;--awb-order-small:0;--awb-spacing-right-small:1.92%;--awb-spacing-left-small:1.92%;\"><div class=\"fusion-column-wrapper fusion-column-has-shadow fusion-flex-justify-content-flex-start fusion-content-layout-column\"><div class=\"fusion-text fusion-text-5\"><h3>Acaraj\u00e9: El \u00cdcono Afrobrasile\u00f1o de Bah\u00eda<\/h3>\n<\/div><div class=\"fusion-image-element \" style=\"text-align:center;--awb-caption-title-font-family:var(--h2_typography-font-family);--awb-caption-title-font-weight:var(--h2_typography-font-weight);--awb-caption-title-font-style:var(--h2_typography-font-style);--awb-caption-title-size:var(--h2_typography-font-size);--awb-caption-title-transform:var(--h2_typography-text-transform);--awb-caption-title-line-height:var(--h2_typography-line-height);--awb-caption-title-letter-spacing:var(--h2_typography-letter-spacing);\"><span class=\" fusion-imageframe imageframe-none imageframe-4 hover-type-none\"><img decoding=\"async\" width=\"750\" height=\"500\" title=\"GiovanniSeabra : Getty Images acaraje\u0301\" src=\"https:\/\/brazilianculture.art\/wp-content\/uploads\/2024\/03\/GiovanniSeabra-Getty-Images-acaraje.webp\" data-orig-src=\"https:\/\/brazilianculture.art\/wp-content\/uploads\/2024\/03\/GiovanniSeabra-Getty-Images-acaraje.webp\" alt class=\"lazyload img-responsive wp-image-4270\" srcset=\"data:image\/svg+xml,%3Csvg%20xmlns%3D%27http%3A%2F%2Fwww.w3.org%2F2000%2Fsvg%27%20width%3D%27750%27%20height%3D%27500%27%20viewBox%3D%270%200%20750%20500%27%3E%3Crect%20width%3D%27750%27%20height%3D%27500%27%20fill-opacity%3D%220%22%2F%3E%3C%2Fsvg%3E\" data-srcset=\"https:\/\/brazilianculture.art\/wp-content\/uploads\/2024\/03\/GiovanniSeabra-Getty-Images-acaraje-200x133.webp 200w, https:\/\/brazilianculture.art\/wp-content\/uploads\/2024\/03\/GiovanniSeabra-Getty-Images-acaraje-400x267.webp 400w, https:\/\/brazilianculture.art\/wp-content\/uploads\/2024\/03\/GiovanniSeabra-Getty-Images-acaraje-600x400.webp 600w, https:\/\/brazilianculture.art\/wp-content\/uploads\/2024\/03\/GiovanniSeabra-Getty-Images-acaraje.webp 750w\" data-sizes=\"auto\" data-orig-sizes=\"(max-width: 1024px) 100vw, (max-width: 640px) 100vw, 750px\" \/><\/span><\/div><div class=\"fusion-text fusion-text-6\" style=\"--awb-margin-top:20px;\"><p>El acaraj\u00e9, un pastel de frijol frito relleno de vatap\u00e1, camarones secos, caruru y ensalada, es uno de los bocadillos m\u00e1s ic\u00f3nicos de Bah\u00eda. Con ra\u00edces africanas tra\u00eddas por los esclavos Yoruba, el acaraj\u00e9 es mucho m\u00e1s que comida: es un patrimonio cultural y religioso, ofrecido a los orix\u00e1s en el Candombl\u00e9. Este plato es un s\u00edmbolo de resistencia e influencia africana en la cultura brasile\u00f1a, especialmente en la gastronom\u00eda nordestina.<\/p>\n<\/div><\/div><\/div><\/div><\/div><div class=\"fusion-fullwidth fullwidth-box fusion-builder-row-4 fusion-flex-container has-pattern-background has-mask-background nonhundred-percent-fullwidth non-hundred-percent-height-scrolling\" style=\"--awb-border-radius-top-left:0px;--awb-border-radius-top-right:0px;--awb-border-radius-bottom-right:0px;--awb-border-radius-bottom-left:0px;--awb-flex-wrap:wrap;\" ><div class=\"fusion-builder-row fusion-row fusion-flex-align-items-flex-start fusion-flex-content-wrap\" style=\"max-width:1331.2px;margin-left: calc(-4% \/ 2 );margin-right: calc(-4% \/ 2 );\"><div class=\"fusion-layout-column fusion_builder_column fusion-builder-column-4 fusion_builder_column_2_3 2_3 fusion-flex-column\" style=\"--awb-bg-size:cover;--awb-width-large:66.666666666667%;--awb-margin-top-large:20px;--awb-spacing-right-large:2.88%;--awb-margin-bottom-large:20px;--awb-spacing-left-large:2.88%;--awb-width-medium:100%;--awb-order-medium:0;--awb-spacing-right-medium:1.92%;--awb-spacing-left-medium:1.92%;--awb-width-small:100%;--awb-order-small:0;--awb-spacing-right-small:1.92%;--awb-spacing-left-small:1.92%;\"><div class=\"fusion-column-wrapper fusion-column-has-shadow fusion-flex-justify-content-flex-start fusion-content-layout-column\"><div class=\"fusion-text fusion-text-7\" style=\"--awb-margin-top:20px;\"><h3>Tapioca: El Legado Ind\u00edgena<\/h3>\n<p>La tapioca es un ejemplo fascinante del legado ind\u00edgena en la cocina del Noreste. Hecha a partir del almid\u00f3n extra\u00eddo de la ra\u00edz de yuca, un alimento b\u00e1sico en la nutrici\u00f3n ind\u00edgena, la tapioca se ha transformado en una delicia vers\u00e1til que puede servirse dulce o salada. Popular en todo el Noreste, la tapioca simboliza la adaptaci\u00f3n y supervivencia de los conocimientos ind\u00edgenas, manteniendo viva una tradici\u00f3n milenaria en la mesa de los brasile\u00f1os.<\/p>\n<\/div><\/div><\/div><div class=\"fusion-layout-column fusion_builder_column fusion-builder-column-5 fusion_builder_column_1_3 1_3 fusion-flex-column\" style=\"--awb-bg-size:cover;--awb-width-large:33.333333333333%;--awb-margin-top-large:20px;--awb-spacing-right-large:5.76%;--awb-margin-bottom-large:20px;--awb-spacing-left-large:5.76%;--awb-width-medium:100%;--awb-order-medium:0;--awb-spacing-right-medium:1.92%;--awb-spacing-left-medium:1.92%;--awb-width-small:100%;--awb-order-small:0;--awb-spacing-right-small:1.92%;--awb-spacing-left-small:1.92%;\"><div class=\"fusion-column-wrapper fusion-column-has-shadow fusion-flex-justify-content-flex-start fusion-content-layout-column\"><div class=\"fusion-image-element \" style=\"--awb-margin-top:20px;--awb-caption-title-font-family:var(--h2_typography-font-family);--awb-caption-title-font-weight:var(--h2_typography-font-weight);--awb-caption-title-font-style:var(--h2_typography-font-style);--awb-caption-title-size:var(--h2_typography-font-size);--awb-caption-title-transform:var(--h2_typography-text-transform);--awb-caption-title-line-height:var(--h2_typography-line-height);--awb-caption-title-letter-spacing:var(--h2_typography-letter-spacing);\"><span class=\" fusion-imageframe imageframe-none imageframe-5 hover-type-none\"><img decoding=\"async\" width=\"2123\" height=\"1412\" title=\"receita-de-tapioca.jpeg\" src=\"https:\/\/brazilianculture.art\/wp-content\/uploads\/2024\/03\/receita-de-tapioca.jpeg.webp\" data-orig-src=\"https:\/\/brazilianculture.art\/wp-content\/uploads\/2024\/03\/receita-de-tapioca.jpeg.webp\" alt class=\"lazyload img-responsive wp-image-4294\" srcset=\"data:image\/svg+xml,%3Csvg%20xmlns%3D%27http%3A%2F%2Fwww.w3.org%2F2000%2Fsvg%27%20width%3D%272123%27%20height%3D%271412%27%20viewBox%3D%270%200%202123%201412%27%3E%3Crect%20width%3D%272123%27%20height%3D%271412%27%20fill-opacity%3D%220%22%2F%3E%3C%2Fsvg%3E\" data-srcset=\"https:\/\/brazilianculture.art\/wp-content\/uploads\/2024\/03\/receita-de-tapioca.jpeg-200x133.webp 200w, https:\/\/brazilianculture.art\/wp-content\/uploads\/2024\/03\/receita-de-tapioca.jpeg-400x266.webp 400w, https:\/\/brazilianculture.art\/wp-content\/uploads\/2024\/03\/receita-de-tapioca.jpeg-600x399.webp 600w, https:\/\/brazilianculture.art\/wp-content\/uploads\/2024\/03\/receita-de-tapioca.jpeg-800x532.webp 800w, https:\/\/brazilianculture.art\/wp-content\/uploads\/2024\/03\/receita-de-tapioca.jpeg-1200x798.webp 1200w, https:\/\/brazilianculture.art\/wp-content\/uploads\/2024\/03\/receita-de-tapioca.jpeg.webp 2123w\" data-sizes=\"auto\" data-orig-sizes=\"(max-width: 1024px) 100vw, (max-width: 640px) 100vw, 400px\" \/><\/span><\/div><\/div><\/div><\/div><\/div><div class=\"fusion-fullwidth fullwidth-box fusion-builder-row-5 fusion-flex-container has-pattern-background has-mask-background nonhundred-percent-fullwidth non-hundred-percent-height-scrolling\" style=\"--awb-border-radius-top-left:0px;--awb-border-radius-top-right:0px;--awb-border-radius-bottom-right:0px;--awb-border-radius-bottom-left:0px;--awb-flex-wrap:wrap;\" ><div class=\"fusion-builder-row fusion-row fusion-flex-align-items-flex-start fusion-flex-content-wrap\" style=\"max-width:1331.2px;margin-left: calc(-4% \/ 2 );margin-right: calc(-4% \/ 2 );\"><div class=\"fusion-layout-column fusion_builder_column fusion-builder-column-6 fusion_builder_column_1_1 1_1 fusion-flex-column\" style=\"--awb-bg-size:cover;--awb-width-large:100%;--awb-margin-top-large:20px;--awb-spacing-right-large:1.92%;--awb-margin-bottom-large:20px;--awb-spacing-left-large:1.92%;--awb-width-medium:100%;--awb-order-medium:0;--awb-spacing-right-medium:1.92%;--awb-spacing-left-medium:1.92%;--awb-width-small:100%;--awb-order-small:0;--awb-spacing-right-small:1.92%;--awb-spacing-left-small:1.92%;\"><div class=\"fusion-column-wrapper fusion-column-has-shadow fusion-flex-justify-content-flex-start fusion-content-layout-column\"><div class=\"fusion-text fusion-text-8\"><h3>Carne de Sol con Macaxeira: La Fuerza del Sert\u00e3o<\/h3>\n<\/div><div class=\"fusion-image-element \" style=\"text-align:center;--awb-caption-title-font-family:var(--h2_typography-font-family);--awb-caption-title-font-weight:var(--h2_typography-font-weight);--awb-caption-title-font-style:var(--h2_typography-font-style);--awb-caption-title-size:var(--h2_typography-font-size);--awb-caption-title-transform:var(--h2_typography-text-transform);--awb-caption-title-line-height:var(--h2_typography-line-height);--awb-caption-title-letter-spacing:var(--h2_typography-letter-spacing);\"><span class=\" fusion-imageframe imageframe-none imageframe-6 hover-type-none\"><img decoding=\"async\" width=\"1140\" height=\"441\" title=\"carne-sol-1-1140&#215;441\" src=\"https:\/\/brazilianculture.art\/wp-content\/uploads\/2024\/03\/carne-sol-1-1140x441-1.jpg\" data-orig-src=\"https:\/\/brazilianculture.art\/wp-content\/uploads\/2024\/03\/carne-sol-1-1140x441-1.jpg\" alt class=\"lazyload img-responsive wp-image-4286\" srcset=\"data:image\/svg+xml,%3Csvg%20xmlns%3D%27http%3A%2F%2Fwww.w3.org%2F2000%2Fsvg%27%20width%3D%271140%27%20height%3D%27441%27%20viewBox%3D%270%200%201140%20441%27%3E%3Crect%20width%3D%271140%27%20height%3D%27441%27%20fill-opacity%3D%220%22%2F%3E%3C%2Fsvg%3E\" data-srcset=\"https:\/\/brazilianculture.art\/wp-content\/uploads\/2024\/03\/carne-sol-1-1140x441-1-200x77.jpg 200w, https:\/\/brazilianculture.art\/wp-content\/uploads\/2024\/03\/carne-sol-1-1140x441-1-400x155.jpg 400w, https:\/\/brazilianculture.art\/wp-content\/uploads\/2024\/03\/carne-sol-1-1140x441-1-600x232.jpg 600w, https:\/\/brazilianculture.art\/wp-content\/uploads\/2024\/03\/carne-sol-1-1140x441-1-800x309.jpg 800w, https:\/\/brazilianculture.art\/wp-content\/uploads\/2024\/03\/carne-sol-1-1140x441-1.jpg 1140w\" data-sizes=\"auto\" data-orig-sizes=\"(max-width: 1024px) 100vw, (max-width: 640px) 100vw, 1140px\" \/><\/span><\/div><div class=\"fusion-text fusion-text-9\" style=\"--awb-margin-top:20px;\"><p>La Carne de Sol con yuca es un plato que evoca la resiliencia del sert\u00e3o nordestino. La Carne de Sol, preparada a trav\u00e9s de un proceso de secado al sol y al viento, se sirve con macaxeira (yuca) cocida, reflejando el aprovechamiento de los recursos naturales disponibles en la regi\u00f3n. Este plato es un testimonio de la capacidad del pueblo nordestino para crear platos ricos y sabrosos incluso en condiciones adversas, simbolizando la fuerza y determinaci\u00f3n de esta tierra.<\/p>\n<p>La gastronom\u00eda del Noreste es una invitaci\u00f3n a explorar historias, culturas y sabores que definen la identidad de una de las regiones m\u00e1s vibrantes de Brasil. Cada plato cuenta una historia, cada sabor revela una tradici\u00f3n, haciendo de la cocina nordestina brasile\u00f1a un patrimonio inmaterial rico y diverso. Al sumergirnos en los sabores \u00fanicos de la cocina nordestina, descubrimos no solo platos incre\u00edbles, sino tambi\u00e9n la historia viva de un pueblo que transforma su herencia cultural en excelencia gastron\u00f3mica.<\/p>\n<\/div><\/div><\/div><\/div><\/div><\/p>\n","protected":false},"excerpt":{"rendered":"","protected":false},"author":1,"featured_media":4290,"comment_status":"closed","ping_status":"closed","sticky":false,"template":"","format":"standard","meta":{"footnotes":""},"categories":[85],"tags":[],"class_list":["post-4337","post","type-post","status-publish","format-standard","has-post-thumbnail","hentry","category-gastronomia-es"],"yoast_head":"<!-- This site is optimized with the Yoast SEO plugin v27.4 - https:\/\/yoast.com\/product\/yoast-seo-wordpress\/ -->\n<title>Gastronom\u00eda del Noreste: Descubriendo los Sabores \u00danicos de la Cocina Nordestina Brasile\u00f1a - BrazilianCulture.Art<\/title>\n<meta name=\"robots\" content=\"index, follow, max-snippet:-1, max-image-preview:large, max-video-preview:-1\" \/>\n<link rel=\"canonical\" href=\"https:\/\/brazilianculture.art\/es\/la-cocina-nordestina-brasilena\/\" \/>\n<meta property=\"og:locale\" content=\"es_ES\" \/>\n<meta property=\"og:type\" content=\"article\" \/>\n<meta property=\"og:title\" content=\"Gastronom\u00eda del Noreste: Descubriendo los Sabores \u00danicos de la Cocina Nordestina Brasile\u00f1a - BrazilianCulture.Art\" \/>\n<meta property=\"og:url\" content=\"https:\/\/brazilianculture.art\/es\/la-cocina-nordestina-brasilena\/\" \/>\n<meta property=\"og:site_name\" content=\"BrazilianCulture.Art\" \/>\n<meta property=\"article:publisher\" content=\"https:\/\/www.facebook.com\/profile.php?id=100090895031360\" \/>\n<meta property=\"article:published_time\" content=\"2024-03-16T21:38:51+00:00\" \/>\n<meta property=\"article:modified_time\" content=\"2024-03-16T21:42:34+00:00\" \/>\n<meta property=\"og:image\" content=\"https:\/\/brazilianculture.art\/wp-content\/uploads\/2022\/08\/rio-de-janeiro-gd07a80f03_1920.jpg\" \/>\n\t<meta property=\"og:image:width\" content=\"1920\" \/>\n\t<meta property=\"og:image:height\" content=\"1280\" \/>\n\t<meta property=\"og:image:type\" content=\"image\/jpeg\" \/>\n<meta name=\"author\" content=\"Mariana Rom\u00e3o\" \/>\n<meta name=\"twitter:card\" content=\"summary_large_image\" \/>\n<script type=\"application\/ld+json\" class=\"yoast-schema-graph\">{\"@context\":\"https:\\\/\\\/schema.org\",\"@graph\":[{\"@type\":\"Article\",\"@id\":\"https:\\\/\\\/brazilianculture.art\\\/es\\\/la-cocina-nordestina-brasilena\\\/#article\",\"isPartOf\":{\"@id\":\"https:\\\/\\\/brazilianculture.art\\\/es\\\/la-cocina-nordestina-brasilena\\\/\"},\"author\":{\"name\":\"Mariana Rom\u00e3o\",\"@id\":\"https:\\\/\\\/brazilianculture.art\\\/es\\\/#\\\/schema\\\/person\\\/70980d4d66859d1051f39ebb86dc62b2\"},\"headline\":\"Gastronom\u00eda del Noreste: Descubriendo los Sabores \u00danicos de la Cocina Nordestina Brasile\u00f1a\",\"datePublished\":\"2024-03-16T21:38:51+00:00\",\"dateModified\":\"2024-03-16T21:42:34+00:00\",\"mainEntityOfPage\":{\"@id\":\"https:\\\/\\\/brazilianculture.art\\\/es\\\/la-cocina-nordestina-brasilena\\\/\"},\"wordCount\":8895,\"publisher\":{\"@id\":\"https:\\\/\\\/brazilianculture.art\\\/es\\\/#organization\"},\"image\":{\"@id\":\"https:\\\/\\\/brazilianculture.art\\\/es\\\/la-cocina-nordestina-brasilena\\\/#primaryimage\"},\"thumbnailUrl\":\"https:\\\/\\\/brazilianculture.art\\\/wp-content\\\/uploads\\\/2024\\\/03\\\/moqueca_baiana_1-1.jpg\",\"articleSection\":[\"Gastronom\u00eda\"],\"inLanguage\":\"es\"},{\"@type\":\"WebPage\",\"@id\":\"https:\\\/\\\/brazilianculture.art\\\/es\\\/la-cocina-nordestina-brasilena\\\/\",\"url\":\"https:\\\/\\\/brazilianculture.art\\\/es\\\/la-cocina-nordestina-brasilena\\\/\",\"name\":\"Gastronom\u00eda del Noreste: Descubriendo los Sabores \u00danicos de la Cocina Nordestina Brasile\u00f1a - BrazilianCulture.Art\",\"isPartOf\":{\"@id\":\"https:\\\/\\\/brazilianculture.art\\\/es\\\/#website\"},\"primaryImageOfPage\":{\"@id\":\"https:\\\/\\\/brazilianculture.art\\\/es\\\/la-cocina-nordestina-brasilena\\\/#primaryimage\"},\"image\":{\"@id\":\"https:\\\/\\\/brazilianculture.art\\\/es\\\/la-cocina-nordestina-brasilena\\\/#primaryimage\"},\"thumbnailUrl\":\"https:\\\/\\\/brazilianculture.art\\\/wp-content\\\/uploads\\\/2024\\\/03\\\/moqueca_baiana_1-1.jpg\",\"datePublished\":\"2024-03-16T21:38:51+00:00\",\"dateModified\":\"2024-03-16T21:42:34+00:00\",\"breadcrumb\":{\"@id\":\"https:\\\/\\\/brazilianculture.art\\\/es\\\/la-cocina-nordestina-brasilena\\\/#breadcrumb\"},\"inLanguage\":\"es\",\"potentialAction\":[{\"@type\":\"ReadAction\",\"target\":[\"https:\\\/\\\/brazilianculture.art\\\/es\\\/la-cocina-nordestina-brasilena\\\/\"]}]},{\"@type\":\"ImageObject\",\"inLanguage\":\"es\",\"@id\":\"https:\\\/\\\/brazilianculture.art\\\/es\\\/la-cocina-nordestina-brasilena\\\/#primaryimage\",\"url\":\"https:\\\/\\\/brazilianculture.art\\\/wp-content\\\/uploads\\\/2024\\\/03\\\/moqueca_baiana_1-1.jpg\",\"contentUrl\":\"https:\\\/\\\/brazilianculture.art\\\/wp-content\\\/uploads\\\/2024\\\/03\\\/moqueca_baiana_1-1.jpg\",\"width\":1280,\"height\":853},{\"@type\":\"BreadcrumbList\",\"@id\":\"https:\\\/\\\/brazilianculture.art\\\/es\\\/la-cocina-nordestina-brasilena\\\/#breadcrumb\",\"itemListElement\":[{\"@type\":\"ListItem\",\"position\":1,\"name\":\"Startseite\",\"item\":\"https:\\\/\\\/brazilianculture.art\\\/es\\\/home\\\/\"},{\"@type\":\"ListItem\",\"position\":2,\"name\":\"Gastronom\u00eda del Noreste: Descubriendo los Sabores \u00danicos de la Cocina Nordestina Brasile\u00f1a\"}]},{\"@type\":\"WebSite\",\"@id\":\"https:\\\/\\\/brazilianculture.art\\\/es\\\/#website\",\"url\":\"https:\\\/\\\/brazilianculture.art\\\/es\\\/\",\"name\":\"BrazilianCulture.Art\",\"description\":\"Feel the Planet Brazil\",\"publisher\":{\"@id\":\"https:\\\/\\\/brazilianculture.art\\\/es\\\/#organization\"},\"potentialAction\":[{\"@type\":\"SearchAction\",\"target\":{\"@type\":\"EntryPoint\",\"urlTemplate\":\"https:\\\/\\\/brazilianculture.art\\\/es\\\/?s={search_term_string}\"},\"query-input\":{\"@type\":\"PropertyValueSpecification\",\"valueRequired\":true,\"valueName\":\"search_term_string\"}}],\"inLanguage\":\"es\"},{\"@type\":\"Organization\",\"@id\":\"https:\\\/\\\/brazilianculture.art\\\/es\\\/#organization\",\"name\":\"BrazilianCulture.Art\",\"url\":\"https:\\\/\\\/brazilianculture.art\\\/es\\\/\",\"logo\":{\"@type\":\"ImageObject\",\"inLanguage\":\"es\",\"@id\":\"https:\\\/\\\/brazilianculture.art\\\/es\\\/#\\\/schema\\\/logo\\\/image\\\/\",\"url\":\"https:\\\/\\\/brazilianculture.art\\\/wp-content\\\/uploads\\\/2023\\\/04\\\/Brazilian-culture-.art-2.png\",\"contentUrl\":\"https:\\\/\\\/brazilianculture.art\\\/wp-content\\\/uploads\\\/2023\\\/04\\\/Brazilian-culture-.art-2.png\",\"width\":1080,\"height\":1080,\"caption\":\"BrazilianCulture.Art\"},\"image\":{\"@id\":\"https:\\\/\\\/brazilianculture.art\\\/es\\\/#\\\/schema\\\/logo\\\/image\\\/\"},\"sameAs\":[\"https:\\\/\\\/www.facebook.com\\\/profile.php?id=100090895031360\",\"https:\\\/\\\/www.instagram.com\\\/brazilianculture.art\\\/\"]},{\"@type\":\"Person\",\"@id\":\"https:\\\/\\\/brazilianculture.art\\\/es\\\/#\\\/schema\\\/person\\\/70980d4d66859d1051f39ebb86dc62b2\",\"name\":\"Mariana Rom\u00e3o\",\"image\":{\"@type\":\"ImageObject\",\"inLanguage\":\"es\",\"@id\":\"https:\\\/\\\/secure.gravatar.com\\\/avatar\\\/8b5520fcfec774553ec6a042cae529f76f8769bada2641cdd49a40da4b5abd50?s=96&d=mm&r=g\",\"url\":\"https:\\\/\\\/secure.gravatar.com\\\/avatar\\\/8b5520fcfec774553ec6a042cae529f76f8769bada2641cdd49a40da4b5abd50?s=96&d=mm&r=g\",\"contentUrl\":\"https:\\\/\\\/secure.gravatar.com\\\/avatar\\\/8b5520fcfec774553ec6a042cae529f76f8769bada2641cdd49a40da4b5abd50?s=96&d=mm&r=g\",\"caption\":\"Mariana Rom\u00e3o\"},\"description\":\"Ol\u00e1, tudo bem? Sou Mariana Rom\u00e3o! Na \u00e1rea de Produ\u00e7\u00e3o Cultural, trabalhei no Grupo Univers ajudando artistas e movimentos culturais organizados a captar recursos privados atrav\u00e9s de leis de incentivo fiscal. J\u00e1 trabalhei como estagi\u00e1ria de marketing do Grupo Stemmi Incorporadora. atuando na \u00e1rea de prospec\u00e7\u00e3o de marca e gera\u00e7\u00e3o de leads atrav\u00e9s das ferramentas Google Ads e Facebook Ads. Tamb\u00e9m apresentava e expunha pesquisas sobre carnaval no programa Roda de Samba, sob a dire\u00e7\u00e3o do radialista Ferreira Leite, na R\u00e1dio TV Imprensa. Al\u00e9m disso j\u00e1 fui produtora executiva e apresentadora do 10\u00b0 Festival CineFoot, na cidade de Niter\u00f3i. Ainda na Universidade Federal Fluminense, fui monitora da mat\u00e9ria Projeto Cultural I, nela ajudava os alunos da disciplina a redigirem e apresentarem projetos culturais.\",\"sameAs\":[\"http:\\\/\\\/dev.brazilianculture.art\"]}]}<\/script>\n<!-- \/ Yoast SEO plugin. -->","yoast_head_json":{"title":"Gastronom\u00eda del Noreste: Descubriendo los Sabores \u00danicos de la Cocina Nordestina Brasile\u00f1a - BrazilianCulture.Art","robots":{"index":"index","follow":"follow","max-snippet":"max-snippet:-1","max-image-preview":"max-image-preview:large","max-video-preview":"max-video-preview:-1"},"canonical":"https:\/\/brazilianculture.art\/es\/la-cocina-nordestina-brasilena\/","og_locale":"es_ES","og_type":"article","og_title":"Gastronom\u00eda del Noreste: Descubriendo los Sabores \u00danicos de la Cocina Nordestina Brasile\u00f1a - BrazilianCulture.Art","og_url":"https:\/\/brazilianculture.art\/es\/la-cocina-nordestina-brasilena\/","og_site_name":"BrazilianCulture.Art","article_publisher":"https:\/\/www.facebook.com\/profile.php?id=100090895031360","article_published_time":"2024-03-16T21:38:51+00:00","article_modified_time":"2024-03-16T21:42:34+00:00","og_image":[{"width":1920,"height":1280,"url":"https:\/\/brazilianculture.art\/wp-content\/uploads\/2022\/08\/rio-de-janeiro-gd07a80f03_1920.jpg","type":"image\/jpeg"}],"author":"Mariana Rom\u00e3o","twitter_card":"summary_large_image","schema":{"@context":"https:\/\/schema.org","@graph":[{"@type":"Article","@id":"https:\/\/brazilianculture.art\/es\/la-cocina-nordestina-brasilena\/#article","isPartOf":{"@id":"https:\/\/brazilianculture.art\/es\/la-cocina-nordestina-brasilena\/"},"author":{"name":"Mariana Rom\u00e3o","@id":"https:\/\/brazilianculture.art\/es\/#\/schema\/person\/70980d4d66859d1051f39ebb86dc62b2"},"headline":"Gastronom\u00eda del Noreste: Descubriendo los Sabores \u00danicos de la Cocina Nordestina Brasile\u00f1a","datePublished":"2024-03-16T21:38:51+00:00","dateModified":"2024-03-16T21:42:34+00:00","mainEntityOfPage":{"@id":"https:\/\/brazilianculture.art\/es\/la-cocina-nordestina-brasilena\/"},"wordCount":8895,"publisher":{"@id":"https:\/\/brazilianculture.art\/es\/#organization"},"image":{"@id":"https:\/\/brazilianculture.art\/es\/la-cocina-nordestina-brasilena\/#primaryimage"},"thumbnailUrl":"https:\/\/brazilianculture.art\/wp-content\/uploads\/2024\/03\/moqueca_baiana_1-1.jpg","articleSection":["Gastronom\u00eda"],"inLanguage":"es"},{"@type":"WebPage","@id":"https:\/\/brazilianculture.art\/es\/la-cocina-nordestina-brasilena\/","url":"https:\/\/brazilianculture.art\/es\/la-cocina-nordestina-brasilena\/","name":"Gastronom\u00eda del Noreste: Descubriendo los Sabores \u00danicos de la Cocina Nordestina Brasile\u00f1a - BrazilianCulture.Art","isPartOf":{"@id":"https:\/\/brazilianculture.art\/es\/#website"},"primaryImageOfPage":{"@id":"https:\/\/brazilianculture.art\/es\/la-cocina-nordestina-brasilena\/#primaryimage"},"image":{"@id":"https:\/\/brazilianculture.art\/es\/la-cocina-nordestina-brasilena\/#primaryimage"},"thumbnailUrl":"https:\/\/brazilianculture.art\/wp-content\/uploads\/2024\/03\/moqueca_baiana_1-1.jpg","datePublished":"2024-03-16T21:38:51+00:00","dateModified":"2024-03-16T21:42:34+00:00","breadcrumb":{"@id":"https:\/\/brazilianculture.art\/es\/la-cocina-nordestina-brasilena\/#breadcrumb"},"inLanguage":"es","potentialAction":[{"@type":"ReadAction","target":["https:\/\/brazilianculture.art\/es\/la-cocina-nordestina-brasilena\/"]}]},{"@type":"ImageObject","inLanguage":"es","@id":"https:\/\/brazilianculture.art\/es\/la-cocina-nordestina-brasilena\/#primaryimage","url":"https:\/\/brazilianculture.art\/wp-content\/uploads\/2024\/03\/moqueca_baiana_1-1.jpg","contentUrl":"https:\/\/brazilianculture.art\/wp-content\/uploads\/2024\/03\/moqueca_baiana_1-1.jpg","width":1280,"height":853},{"@type":"BreadcrumbList","@id":"https:\/\/brazilianculture.art\/es\/la-cocina-nordestina-brasilena\/#breadcrumb","itemListElement":[{"@type":"ListItem","position":1,"name":"Startseite","item":"https:\/\/brazilianculture.art\/es\/home\/"},{"@type":"ListItem","position":2,"name":"Gastronom\u00eda del Noreste: Descubriendo los Sabores \u00danicos de la Cocina Nordestina Brasile\u00f1a"}]},{"@type":"WebSite","@id":"https:\/\/brazilianculture.art\/es\/#website","url":"https:\/\/brazilianculture.art\/es\/","name":"BrazilianCulture.Art","description":"Feel the Planet Brazil","publisher":{"@id":"https:\/\/brazilianculture.art\/es\/#organization"},"potentialAction":[{"@type":"SearchAction","target":{"@type":"EntryPoint","urlTemplate":"https:\/\/brazilianculture.art\/es\/?s={search_term_string}"},"query-input":{"@type":"PropertyValueSpecification","valueRequired":true,"valueName":"search_term_string"}}],"inLanguage":"es"},{"@type":"Organization","@id":"https:\/\/brazilianculture.art\/es\/#organization","name":"BrazilianCulture.Art","url":"https:\/\/brazilianculture.art\/es\/","logo":{"@type":"ImageObject","inLanguage":"es","@id":"https:\/\/brazilianculture.art\/es\/#\/schema\/logo\/image\/","url":"https:\/\/brazilianculture.art\/wp-content\/uploads\/2023\/04\/Brazilian-culture-.art-2.png","contentUrl":"https:\/\/brazilianculture.art\/wp-content\/uploads\/2023\/04\/Brazilian-culture-.art-2.png","width":1080,"height":1080,"caption":"BrazilianCulture.Art"},"image":{"@id":"https:\/\/brazilianculture.art\/es\/#\/schema\/logo\/image\/"},"sameAs":["https:\/\/www.facebook.com\/profile.php?id=100090895031360","https:\/\/www.instagram.com\/brazilianculture.art\/"]},{"@type":"Person","@id":"https:\/\/brazilianculture.art\/es\/#\/schema\/person\/70980d4d66859d1051f39ebb86dc62b2","name":"Mariana Rom\u00e3o","image":{"@type":"ImageObject","inLanguage":"es","@id":"https:\/\/secure.gravatar.com\/avatar\/8b5520fcfec774553ec6a042cae529f76f8769bada2641cdd49a40da4b5abd50?s=96&d=mm&r=g","url":"https:\/\/secure.gravatar.com\/avatar\/8b5520fcfec774553ec6a042cae529f76f8769bada2641cdd49a40da4b5abd50?s=96&d=mm&r=g","contentUrl":"https:\/\/secure.gravatar.com\/avatar\/8b5520fcfec774553ec6a042cae529f76f8769bada2641cdd49a40da4b5abd50?s=96&d=mm&r=g","caption":"Mariana Rom\u00e3o"},"description":"Ol\u00e1, tudo bem? Sou Mariana Rom\u00e3o! Na \u00e1rea de Produ\u00e7\u00e3o Cultural, trabalhei no Grupo Univers ajudando artistas e movimentos culturais organizados a captar recursos privados atrav\u00e9s de leis de incentivo fiscal. J\u00e1 trabalhei como estagi\u00e1ria de marketing do Grupo Stemmi Incorporadora. atuando na \u00e1rea de prospec\u00e7\u00e3o de marca e gera\u00e7\u00e3o de leads atrav\u00e9s das ferramentas Google Ads e Facebook Ads. Tamb\u00e9m apresentava e expunha pesquisas sobre carnaval no programa Roda de Samba, sob a dire\u00e7\u00e3o do radialista Ferreira Leite, na R\u00e1dio TV Imprensa. Al\u00e9m disso j\u00e1 fui produtora executiva e apresentadora do 10\u00b0 Festival CineFoot, na cidade de Niter\u00f3i. Ainda na Universidade Federal Fluminense, fui monitora da mat\u00e9ria Projeto Cultural I, nela ajudava os alunos da disciplina a redigirem e apresentarem projetos culturais.","sameAs":["http:\/\/dev.brazilianculture.art"]}]}},"_links":{"self":[{"href":"https:\/\/brazilianculture.art\/es\/wp-json\/wp\/v2\/posts\/4337","targetHints":{"allow":["GET"]}}],"collection":[{"href":"https:\/\/brazilianculture.art\/es\/wp-json\/wp\/v2\/posts"}],"about":[{"href":"https:\/\/brazilianculture.art\/es\/wp-json\/wp\/v2\/types\/post"}],"author":[{"embeddable":true,"href":"https:\/\/brazilianculture.art\/es\/wp-json\/wp\/v2\/users\/1"}],"replies":[{"embeddable":true,"href":"https:\/\/brazilianculture.art\/es\/wp-json\/wp\/v2\/comments?post=4337"}],"version-history":[{"count":6,"href":"https:\/\/brazilianculture.art\/es\/wp-json\/wp\/v2\/posts\/4337\/revisions"}],"predecessor-version":[{"id":4349,"href":"https:\/\/brazilianculture.art\/es\/wp-json\/wp\/v2\/posts\/4337\/revisions\/4349"}],"wp:featuredmedia":[{"embeddable":true,"href":"https:\/\/brazilianculture.art\/es\/wp-json\/wp\/v2\/media\/4290"}],"wp:attachment":[{"href":"https:\/\/brazilianculture.art\/es\/wp-json\/wp\/v2\/media?parent=4337"}],"wp:term":[{"taxonomy":"category","embeddable":true,"href":"https:\/\/brazilianculture.art\/es\/wp-json\/wp\/v2\/categories?post=4337"},{"taxonomy":"post_tag","embeddable":true,"href":"https:\/\/brazilianculture.art\/es\/wp-json\/wp\/v2\/tags?post=4337"}],"curies":[{"name":"wp","href":"https:\/\/api.w.org\/{rel}","templated":true}]}}