{"id":7259,"date":"2026-05-02T01:21:48","date_gmt":"2026-05-01T23:21:48","guid":{"rendered":"https:\/\/brazilianculture.art\/?p=7259"},"modified":"2026-05-02T02:05:13","modified_gmt":"2026-05-02T00:05:13","slug":"movimientos-artisticos-brasilenos","status":"publish","type":"post","link":"https:\/\/brazilianculture.art\/es\/movimientos-artisticos-brasilenos\/","title":{"rendered":"10 movimientos art\u00edsticos brasile\u00f1os para principiantes"},"content":{"rendered":"<p><div class=\"fusion-fullwidth fullwidth-box fusion-builder-row-1 fusion-flex-container has-pattern-background has-mask-background nonhundred-percent-fullwidth non-hundred-percent-height-scrolling\" style=\"--awb-border-radius-top-left:0px;--awb-border-radius-top-right:0px;--awb-border-radius-bottom-right:0px;--awb-border-radius-bottom-left:0px;--awb-flex-wrap:wrap;\" ><div class=\"fusion-builder-row fusion-row fusion-flex-align-items-flex-start fusion-flex-content-wrap\" style=\"max-width:1331.2px;margin-left: calc(-4% \/ 2 );margin-right: calc(-4% \/ 2 );\"><div class=\"fusion-layout-column fusion_builder_column fusion-builder-column-0 fusion_builder_column_1_1 1_1 fusion-flex-column\" style=\"--awb-bg-size:cover;--awb-width-large:100%;--awb-margin-top-large:20px;--awb-spacing-right-large:1.92%;--awb-margin-bottom-large:20px;--awb-spacing-left-large:1.92%;--awb-width-medium:100%;--awb-order-medium:0;--awb-spacing-right-medium:1.92%;--awb-spacing-left-medium:1.92%;--awb-width-small:100%;--awb-order-small:0;--awb-spacing-right-small:1.92%;--awb-spacing-left-small:1.92%;\"><div class=\"fusion-column-wrapper fusion-column-has-shadow fusion-flex-justify-content-flex-start fusion-content-layout-column\"><div class=\"fusion-text fusion-text-1\"><p><strong>Tabla de Contenidos<\/strong><\/p>\n<\/div><div class=\"awb-toc-el awb-toc-el--1\" data-awb-toc-id=\"1\" data-awb-toc-options=\"{&quot;allowed_heading_tags&quot;:{&quot;h2&quot;:0,&quot;h3&quot;:1},&quot;ignore_headings&quot;:&quot;.related-posts *, .comment-respond *&quot;,&quot;ignore_headings_words&quot;:&quot;&quot;,&quot;enable_cache&quot;:&quot;yes&quot;,&quot;highlight_current_heading&quot;:&quot;no&quot;,&quot;hide_hidden_titles&quot;:&quot;yes&quot;,&quot;limit_container&quot;:&quot;all&quot;,&quot;select_custom_headings&quot;:&quot;.post-content&quot;,&quot;icon&quot;:&quot;fa-flag fas&quot;,&quot;counter_type&quot;:&quot;decimal&quot;}\" style=\"--awb-counter-type:counters(awb-toc, &quot;.&quot;, decimal) &quot;. &quot;;\"><div class=\"awb-toc-el__content\"><\/div><\/div><div class=\"fusion-title title fusion-title-1 fusion-sep-none fusion-title-text fusion-title-size-two\" style=\"--awb-margin-top-small:20px;--awb-margin-bottom-small:10px;\"><h2 class=\"fusion-title-heading title-heading-left fusion-responsive-typography-calculated\" style=\"margin:0;--fontSize:60;line-height:1.18;\"><h1>Introducci\u00f3n<\/h1><\/h2><\/div><div class=\"fusion-text fusion-text-2\"><p><span data-contrast=\"auto\">El arte brasile\u00f1o se caracteriza por una diversidad de lenguajes, influencias y contextos hist\u00f3ricos que reflejan la complejidad cultural del pa\u00eds. A lo largo del tiempo, distintos movimientos art\u00edsticos han surgido como respuesta a transformaciones sociales, pol\u00edticas y est\u00e9ticas, proponiendo nuevas formas de ver, sentir y representar a Brasil. Algunos de estos movimientos buscaron romper con los patrones tradicionales, mientras que otros procuraron valorar elementos de la cultura popular, regional o urbana, contribuyendo a la construcci\u00f3n de una identidad art\u00edstica plural y en constante transformaci\u00f3n. <\/span><\/p>\n<p><span data-contrast=\"auto\">Este art\u00edculo propone presentar diez movimientos art\u00edsticos brasile\u00f1os de manera accesible e introductoria, pensado especialmente para quienes est\u00e1n comenzando a interesarse por el tema. Se destacan sus principales caracter\u00edsticas y contextos, con el objetivo de despertar la curiosidad y fomentar una exploraci\u00f3n m\u00e1s profunda de este universo rico y din\u00e1mico de las artes en Brasil.<\/span><\/p>\n<\/div><\/div><\/div><\/div><\/div><div class=\"fusion-fullwidth fullwidth-box fusion-builder-row-2 fusion-flex-container has-pattern-background has-mask-background nonhundred-percent-fullwidth non-hundred-percent-height-scrolling\" style=\"--awb-border-radius-top-left:0px;--awb-border-radius-top-right:0px;--awb-border-radius-bottom-right:0px;--awb-border-radius-bottom-left:0px;--awb-flex-wrap:wrap;\" ><div class=\"fusion-builder-row fusion-row fusion-flex-align-items-flex-start fusion-flex-content-wrap\" style=\"max-width:1331.2px;margin-left: calc(-4% \/ 2 );margin-right: calc(-4% \/ 2 );\"><div class=\"fusion-layout-column fusion_builder_column fusion-builder-column-1 fusion_builder_column_1_2 1_2 fusion-flex-column\" style=\"--awb-bg-size:cover;--awb-width-large:50%;--awb-margin-top-large:20px;--awb-spacing-right-large:3.84%;--awb-margin-bottom-large:20px;--awb-spacing-left-large:3.84%;--awb-width-medium:100%;--awb-order-medium:0;--awb-spacing-right-medium:1.92%;--awb-spacing-left-medium:1.92%;--awb-width-small:100%;--awb-order-small:0;--awb-spacing-right-small:1.92%;--awb-spacing-left-small:1.92%;\"><div class=\"fusion-column-wrapper fusion-column-has-shadow fusion-flex-justify-content-flex-start fusion-content-layout-column\"><\/div><\/div><\/div><\/div><div class=\"fusion-fullwidth fullwidth-box fusion-builder-row-3 fusion-flex-container has-pattern-background has-mask-background nonhundred-percent-fullwidth non-hundred-percent-height-scrolling\" style=\"--awb-border-radius-top-left:0px;--awb-border-radius-top-right:0px;--awb-border-radius-bottom-right:0px;--awb-border-radius-bottom-left:0px;--awb-flex-wrap:wrap;\" ><div class=\"fusion-builder-row fusion-row fusion-flex-align-items-flex-start fusion-flex-content-wrap\" style=\"max-width:1331.2px;margin-left: calc(-4% \/ 2 );margin-right: calc(-4% \/ 2 );\"><div class=\"fusion-layout-column fusion_builder_column fusion-builder-column-2 fusion_builder_column_1_1 1_1 fusion-flex-column\" style=\"--awb-bg-size:cover;--awb-width-large:100%;--awb-margin-top-large:20px;--awb-spacing-right-large:1.92%;--awb-margin-bottom-large:20px;--awb-spacing-left-large:1.92%;--awb-width-medium:100%;--awb-order-medium:0;--awb-spacing-right-medium:1.92%;--awb-spacing-left-medium:1.92%;--awb-width-small:100%;--awb-order-small:0;--awb-spacing-right-small:1.92%;--awb-spacing-left-small:1.92%;\"><div class=\"fusion-column-wrapper fusion-column-has-shadow fusion-flex-justify-content-flex-start fusion-content-layout-column\"><div class=\"fusion-title title fusion-title-2 fusion-sep-none fusion-title-text fusion-title-size-two\" style=\"--awb-margin-top-small:20px;--awb-margin-bottom-small:10px;\"><h2 class=\"fusion-title-heading title-heading-left fusion-responsive-typography-calculated\" style=\"margin:0;--fontSize:60;line-height:1.18;\"><strong>Movimiento Armorial<\/strong><\/h2><\/div><div class=\"fusion-image-element awb-imageframe-style awb-imageframe-style-below awb-imageframe-style-1\" style=\"--awb-caption-title-font-family:var(--h5_typography-font-family);--awb-caption-title-font-weight:var(--h5_typography-font-weight);--awb-caption-title-font-style:var(--h5_typography-font-style);--awb-caption-title-size:var(--h5_typography-font-size);--awb-caption-title-transform:var(--h5_typography-text-transform);--awb-caption-title-line-height:var(--h5_typography-line-height);--awb-caption-title-letter-spacing:var(--h5_typography-letter-spacing);\"><span class=\" fusion-imageframe imageframe-none imageframe-1 hover-type-none\"><img decoding=\"async\" width=\"1920\" height=\"1080\" title=\"Ariano e Quinteto Armorial.\" src=\"https:\/\/brazilianculture.art\/wp-content\/uploads\/2026\/04\/Copia_de_Ariano_e_Quinteto_Armorial_4.png.1920x0_q85_crop.jpg\" data-orig-src=\"https:\/\/brazilianculture.art\/wp-content\/uploads\/2026\/04\/Copia_de_Ariano_e_Quinteto_Armorial_4.png.1920x0_q85_crop.jpg\" alt class=\"lazyload img-responsive wp-image-7173\" srcset=\"data:image\/svg+xml,%3Csvg%20xmlns%3D%27http%3A%2F%2Fwww.w3.org%2F2000%2Fsvg%27%20width%3D%271920%27%20height%3D%271080%27%20viewBox%3D%270%200%201920%201080%27%3E%3Crect%20width%3D%271920%27%20height%3D%271080%27%20fill-opacity%3D%220%22%2F%3E%3C%2Fsvg%3E\" data-srcset=\"https:\/\/brazilianculture.art\/wp-content\/uploads\/2026\/04\/Copia_de_Ariano_e_Quinteto_Armorial_4.png.1920x0_q85_crop-200x113.jpg 200w, https:\/\/brazilianculture.art\/wp-content\/uploads\/2026\/04\/Copia_de_Ariano_e_Quinteto_Armorial_4.png.1920x0_q85_crop-400x225.jpg 400w, https:\/\/brazilianculture.art\/wp-content\/uploads\/2026\/04\/Copia_de_Ariano_e_Quinteto_Armorial_4.png.1920x0_q85_crop-600x338.jpg 600w, https:\/\/brazilianculture.art\/wp-content\/uploads\/2026\/04\/Copia_de_Ariano_e_Quinteto_Armorial_4.png.1920x0_q85_crop-800x450.jpg 800w, https:\/\/brazilianculture.art\/wp-content\/uploads\/2026\/04\/Copia_de_Ariano_e_Quinteto_Armorial_4.png.1920x0_q85_crop-1200x675.jpg 1200w, https:\/\/brazilianculture.art\/wp-content\/uploads\/2026\/04\/Copia_de_Ariano_e_Quinteto_Armorial_4.png.1920x0_q85_crop.jpg 1920w\" data-sizes=\"auto\" data-orig-sizes=\"(max-width: 1024px) 100vw, (max-width: 640px) 100vw, 1920px\" \/><\/span><div class=\"awb-imageframe-caption-container\" style=\"text-align:center;\"><div class=\"awb-imageframe-caption\"><h5 class=\"awb-imageframe-caption-title\">Ariano e Quinteto Armorial.<\/h5><p class=\"awb-imageframe-caption-text\">Apresenta\u00e7\u00e3o ligada ao Quinteto Armorial, dos anos 1970 que materializava os princ\u00edpios do movimento na m\u00fasica.<\/p><\/div><\/div><\/div><\/div><\/div><div class=\"fusion-layout-column fusion_builder_column fusion-builder-column-3 fusion_builder_column_1_1 1_1 fusion-flex-column\" style=\"--awb-bg-size:cover;--awb-width-large:100%;--awb-margin-top-large:20px;--awb-spacing-right-large:1.92%;--awb-margin-bottom-large:20px;--awb-spacing-left-large:1.92%;--awb-width-medium:100%;--awb-order-medium:0;--awb-spacing-right-medium:1.92%;--awb-spacing-left-medium:1.92%;--awb-width-small:100%;--awb-order-small:0;--awb-spacing-right-small:1.92%;--awb-spacing-left-small:1.92%;\"><div class=\"fusion-column-wrapper fusion-column-has-shadow fusion-flex-justify-content-flex-start fusion-content-layout-column\"><div class=\"fusion-text fusion-text-3\"><p><span style=\"font-weight: 400;\">El Movimiento Armorial surgi\u00f3 en Brasil en la d\u00e9cada de 1970 a partir de la visi\u00f3n del escritor Ariano Suassuna, quien propuso la creaci\u00f3n de un lenguaje art\u00edstico refinado profundamente conectado con las ra\u00edces populares del Nordeste. En lugar de tratar la literatura de cordel, la viola, la xilograf\u00eda y la tradici\u00f3n del romanceiro como manifestaciones meramente folcl\u00f3ricas, el movimiento las reelabor\u00f3 como fundamento de una est\u00e9tica sofisticada, simb\u00f3lica y visualmente contundente. Su fuerza singular reside precisamente en esta operaci\u00f3n: elevar las formas culturales populares a un \u00e1mbito de alta elaboraci\u00f3n art\u00edstica. <\/span><\/p>\n<p><span style=\"font-weight: 400;\">En el plano est\u00e9tico, el Movimiento Armorial se define por la ornamentaci\u00f3n lineal, la simetr\u00eda compositiva, la estilizaci\u00f3n her\u00e1ldica y la presencia recurrente de signos provenientes de imaginarios caballerescos, religiosos y sertanejos. Su vocabulario visual incorpora con frecuencia arabescos, escudos, emblemas, figuras h\u00edbridas, animales fant\u00e1sticos y composiciones frontales, adem\u00e1s de una s\u00edntesis gr\u00e1fica estrechamente vinculada a las tradiciones de la xilograf\u00eda popular. El color, cuando aparece, tiende a la contenci\u00f3n o a contrastes rigurosamente estructurados, mientras que el dibujo privilegia contornos n\u00edtidos, ritmos decorativos y una estructura marcadamente bidimensional. M\u00e1s que perseguir el naturalismo, la imagen armorial opera mediante una densidad simb\u00f3lica que hace converger ornamento, narrativa y signo en un mismo campo visual. <\/span><\/p>\n<p><span style=\"font-weight: 400;\">M\u00e1s que un estilo, el Armorial propone tambi\u00e9n una concepci\u00f3n m\u00e1s amplia de la cultura: que la producci\u00f3n art\u00edstica brasile\u00f1a puede alcanzar un alto grado de sofisticaci\u00f3n sin desvincularse de sus or\u00edgenes populares. Para quienes comienzan a acercarse al arte con mayor atenci\u00f3n, el movimiento ofrece una clave especialmente valiosa: comprender que tradici\u00f3n, identidad y refinamiento formal no son fuerzas opuestas, sino elementos capaces de coexistir y producir obras de notable singularidad en el panorama cultural global. <\/span><\/p>\n<\/div><\/div><\/div><\/div><\/div><div class=\"fusion-fullwidth fullwidth-box fusion-builder-row-4 fusion-flex-container has-pattern-background has-mask-background nonhundred-percent-fullwidth non-hundred-percent-height-scrolling\" style=\"--awb-border-radius-top-left:0px;--awb-border-radius-top-right:0px;--awb-border-radius-bottom-right:0px;--awb-border-radius-bottom-left:0px;--awb-flex-wrap:wrap;\" ><div class=\"fusion-builder-row fusion-row fusion-flex-align-items-flex-start fusion-flex-content-wrap\" style=\"max-width:1331.2px;margin-left: calc(-4% \/ 2 );margin-right: calc(-4% \/ 2 );\"><div class=\"fusion-layout-column fusion_builder_column fusion-builder-column-4 fusion_builder_column_1_2 1_2 fusion-flex-column\" style=\"--awb-bg-size:cover;--awb-width-large:50%;--awb-margin-top-large:20px;--awb-spacing-right-large:3.84%;--awb-margin-bottom-large:20px;--awb-spacing-left-large:3.84%;--awb-width-medium:100%;--awb-order-medium:0;--awb-spacing-right-medium:1.92%;--awb-spacing-left-medium:1.92%;--awb-width-small:100%;--awb-order-small:0;--awb-spacing-right-small:1.92%;--awb-spacing-left-small:1.92%;\"><div class=\"fusion-column-wrapper fusion-column-has-shadow fusion-flex-justify-content-flex-start fusion-content-layout-column\"><div class=\"fusion-title title fusion-title-3 fusion-sep-none fusion-title-text fusion-title-size-two\" style=\"--awb-margin-top-small:20px;--awb-margin-bottom-small:10px;\"><h2 class=\"fusion-title-heading title-heading-left fusion-responsive-typography-calculated\" style=\"margin:0;--fontSize:60;line-height:1.18;\"><strong>modernismo brasile\u00f1o<\/strong><\/h2><\/div><div class=\"fusion-text fusion-text-4\"><p data-start=\"0\" data-end=\"579\">El Modernismo brasile\u00f1o fue un momento decisivo de renovaci\u00f3n de las artes a lo largo del siglo XX, especialmente a partir de la d\u00e9cada de 1920. En este per\u00edodo, artistas e intelectuales comenzaron a cuestionar los modelos acad\u00e9micos tradicionales y a buscar un lenguaje m\u00e1s alineado con las transformaciones sociales, urbanas y culturales de Brasil. Aunque dialog\u00f3 con las vanguardias europeas, el movimiento no se limit\u00f3 a imitarlas, sino que reinterpret\u00f3 estas influencias desde problem\u00e1ticas locales, convirtiendo el Modernismo en un proyecto m\u00e1s amplio de redefinici\u00f3n de la cultura brasile\u00f1a.<\/p>\n<p data-start=\"581\" data-end=\"1374\">En el plano visual, el Modernismo se caracteriza por la simplificaci\u00f3n de las formas, la libertad compositiva, el rechazo del naturalismo acad\u00e9mico y la valorizaci\u00f3n de soluciones formales m\u00e1s inventivas. Colores m\u00e1s intensos, la geometrizaci\u00f3n de las figuras, la fragmentaci\u00f3n de la representaci\u00f3n y la construcci\u00f3n de im\u00e1genes con mayor autonom\u00eda formal se volvieron cada vez m\u00e1s frecuentes. Al mismo tiempo, el movimiento dirigi\u00f3 su atenci\u00f3n hacia temas relacionados con la vida cotidiana, el paisaje nacional, las figuras populares y los procesos de modernizaci\u00f3n urbana, llevando al centro del arte elementos que antes ocupaban un lugar secundario. En artistas como Tarsila do Amaral, Anita Malfatti y Di Cavalcanti, estas elecciones revelan el esfuerzo por construir un lenguaje visual moderno sin renunciar a las referencias brasile\u00f1as.<\/p>\n<p data-start=\"1376\" data-end=\"1960\" data-is-last-node=\"\" data-is-only-node=\"\">La importancia del Modernismo brasile\u00f1o reside en su capacidad para transformar los criterios de valor art\u00edstico y abrir nuevos caminos para pensar la identidad cultural del pa\u00eds. Al tensionar la influencia europea sin abandonar el di\u00e1logo internacional, el movimiento contribuy\u00f3 a consolidar un arte moderno m\u00e1s aut\u00f3nomo en Brasil. Sus efectos trascienden la pintura y la escultura, alcanzando tambi\u00e9n la arquitectura, la literatura, el dise\u00f1o y la cr\u00edtica cultural. Por ello, el Modernismo permanece como una referencia central para comprender la formaci\u00f3n del arte brasile\u00f1o en el siglo XX.<\/p>\n<\/div><\/div><\/div><div class=\"fusion-layout-column fusion_builder_column fusion-builder-column-5 fusion_builder_column_1_2 1_2 fusion-flex-column\" style=\"--awb-bg-size:cover;--awb-width-large:50%;--awb-margin-top-large:20px;--awb-spacing-right-large:3.84%;--awb-margin-bottom-large:20px;--awb-spacing-left-large:3.84%;--awb-width-medium:100%;--awb-order-medium:0;--awb-spacing-right-medium:1.92%;--awb-spacing-left-medium:1.92%;--awb-width-small:100%;--awb-order-small:0;--awb-spacing-right-small:1.92%;--awb-spacing-left-small:1.92%;\"><div class=\"fusion-column-wrapper fusion-column-has-shadow fusion-flex-justify-content-flex-start fusion-content-layout-column\"><div class=\"fusion-image-element awb-imageframe-style awb-imageframe-style-below awb-imageframe-style-2\" style=\"--awb-caption-title-font-family:var(--h4_typography-font-family);--awb-caption-title-font-weight:var(--h4_typography-font-weight);--awb-caption-title-font-style:var(--h4_typography-font-style);--awb-caption-title-size:var(--h4_typography-font-size);--awb-caption-title-transform:var(--h4_typography-text-transform);--awb-caption-title-line-height:var(--h4_typography-line-height);--awb-caption-title-letter-spacing:var(--h4_typography-letter-spacing);\"><span class=\" fusion-imageframe imageframe-none imageframe-2 hover-type-none\"><img decoding=\"async\" width=\"1023\" height=\"726\" title=\"\u201cOper\u00e1rios\u201d\" src=\"https:\/\/brazilianculture.art\/wp-content\/uploads\/2026\/04\/54164674090_e0566d122d_b.jpg\" data-orig-src=\"https:\/\/brazilianculture.art\/wp-content\/uploads\/2026\/04\/54164674090_e0566d122d_b.jpg\" alt class=\"lazyload img-responsive wp-image-7193\" srcset=\"data:image\/svg+xml,%3Csvg%20xmlns%3D%27http%3A%2F%2Fwww.w3.org%2F2000%2Fsvg%27%20width%3D%271023%27%20height%3D%27726%27%20viewBox%3D%270%200%201023%20726%27%3E%3Crect%20width%3D%271023%27%20height%3D%27726%27%20fill-opacity%3D%220%22%2F%3E%3C%2Fsvg%3E\" data-srcset=\"https:\/\/brazilianculture.art\/wp-content\/uploads\/2026\/04\/54164674090_e0566d122d_b-200x142.jpg 200w, https:\/\/brazilianculture.art\/wp-content\/uploads\/2026\/04\/54164674090_e0566d122d_b-400x284.jpg 400w, https:\/\/brazilianculture.art\/wp-content\/uploads\/2026\/04\/54164674090_e0566d122d_b-600x426.jpg 600w, https:\/\/brazilianculture.art\/wp-content\/uploads\/2026\/04\/54164674090_e0566d122d_b-800x568.jpg 800w, https:\/\/brazilianculture.art\/wp-content\/uploads\/2026\/04\/54164674090_e0566d122d_b.jpg 1023w\" data-sizes=\"auto\" data-orig-sizes=\"(max-width: 1024px) 100vw, (max-width: 640px) 100vw, 800px\" \/><\/span><div class=\"awb-imageframe-caption-container\" style=\"text-align:center;\"><div class=\"awb-imageframe-caption\"><h4 class=\"awb-imageframe-caption-title\">\u201cOper\u00e1rios\u201d<\/h4><p class=\"awb-imageframe-caption-text\">Pintada por Tarsila do Amaral em 1933.<\/p><\/div><\/div><\/div><div class=\"fusion-image-element awb-imageframe-style awb-imageframe-style-below awb-imageframe-style-3\" style=\"--awb-caption-title-font-family:var(--h4_typography-font-family);--awb-caption-title-font-weight:var(--h4_typography-font-weight);--awb-caption-title-font-style:var(--h4_typography-font-style);--awb-caption-title-size:var(--h4_typography-font-size);--awb-caption-title-transform:var(--h4_typography-text-transform);--awb-caption-title-line-height:var(--h4_typography-line-height);--awb-caption-title-letter-spacing:var(--h4_typography-letter-spacing);\"><span class=\" fusion-imageframe imageframe-none imageframe-3 hover-type-none\"><img decoding=\"async\" width=\"1023\" height=\"746\" title=\"\u201cA Caipirinha\u201d\" src=\"data:image\/svg+xml,%3Csvg%20xmlns%3D%27http%3A%2F%2Fwww.w3.org%2F2000%2Fsvg%27%20width%3D%271023%27%20height%3D%27746%27%20viewBox%3D%270%200%201023%20746%27%3E%3Crect%20width%3D%271023%27%20height%3D%27746%27%20fill-opacity%3D%220%22%2F%3E%3C%2Fsvg%3E\" data-orig-src=\"https:\/\/brazilianculture.art\/wp-content\/uploads\/2026\/04\/54161773378_cf84cf4c2b_b-e1775095346657.jpg\" alt class=\"lazyload img-responsive wp-image-7179\"\/><\/span><div class=\"awb-imageframe-caption-container\" style=\"text-align:center;\"><div class=\"awb-imageframe-caption\"><h4 class=\"awb-imageframe-caption-title\">\u201cA Caipirinha\u201d<\/h4><p class=\"awb-imageframe-caption-text\">pintada pela artista modernista brasileira Tarsila do Amaral em 1923.<\/p><\/div><\/div><\/div><\/div><\/div><div class=\"fusion-layout-column fusion_builder_column fusion-builder-column-6 fusion_builder_column_2_3 2_3 fusion-flex-column\" style=\"--awb-bg-size:cover;--awb-width-large:66.666666666667%;--awb-margin-top-large:20px;--awb-spacing-right-large:2.88%;--awb-margin-bottom-large:20px;--awb-spacing-left-large:2.88%;--awb-width-medium:100%;--awb-order-medium:0;--awb-spacing-right-medium:1.92%;--awb-spacing-left-medium:1.92%;--awb-width-small:100%;--awb-order-small:0;--awb-spacing-right-small:1.92%;--awb-spacing-left-small:1.92%;\"><div class=\"fusion-column-wrapper fusion-column-has-shadow fusion-flex-justify-content-flex-start fusion-content-layout-column\"><div class=\"fusion-title title fusion-title-4 fusion-sep-none fusion-title-text fusion-title-size-two\" style=\"--awb-margin-top-small:20px;--awb-margin-bottom-small:10px;\"><h2 class=\"fusion-title-heading title-heading-left fusion-responsive-typography-calculated\" style=\"margin:0;--fontSize:60;line-height:1.18;\"><strong>Barroco<\/strong><\/h2><\/div><\/div><\/div><div class=\"fusion-layout-column fusion_builder_column fusion-builder-column-7 fusion_builder_column_1_2 1_2 fusion-flex-column\" style=\"--awb-bg-size:cover;--awb-width-large:50%;--awb-margin-top-large:20px;--awb-spacing-right-large:3.84%;--awb-margin-bottom-large:20px;--awb-spacing-left-large:3.84%;--awb-width-medium:100%;--awb-order-medium:0;--awb-spacing-right-medium:1.92%;--awb-spacing-left-medium:1.92%;--awb-width-small:100%;--awb-order-small:0;--awb-spacing-right-small:1.92%;--awb-spacing-left-small:1.92%;\"><div class=\"fusion-column-wrapper fusion-column-has-shadow fusion-flex-justify-content-flex-start fusion-content-layout-column\"><div class=\"fusion-text fusion-text-5\"><p><span style=\"font-weight: 400;\">El Barroco brasile\u00f1o fue una de las bases m\u00e1s importantes en la historia del arte del pa\u00eds, con mayor desarrollo entre los siglos XVII y XVIII, durante el per\u00edodo colonial. Su presencia fue especialmente fuerte en regiones como Bah\u00eda, Pernambuco y Minas Gerais, donde la producci\u00f3n art\u00edstica estuvo estrechamente vinculada a la Iglesia Cat\u00f3lica y a las estructuras de poder de la \u00e9poca. En este contexto, el Barroco super\u00f3 la dimensi\u00f3n meramente estil\u00edstica, asumiendo tambi\u00e9n una funci\u00f3n religiosa y social dentro de la vida colonial. <\/span><\/p>\n<p><span style=\"font-weight: 400;\">En el plano formal y material, el Barroco brasile\u00f1o se destaca por la riqueza de los recursos empleados en la construcci\u00f3n de im\u00e1genes y espacios de fuerte impacto sensorial. En la arquitectura y en los interiores religiosos se utilizaron ampliamente materiales como la madera tallada, la piedra jab\u00f3n, la arcilla, la pintura, el dorado con pan de oro y la policrom\u00eda, lo que permiti\u00f3 un alto nivel de detalle ornamental y una intensa carga expresiva. La talla en madera ocup\u00f3 un papel central, especialmente en altares, retablos, p\u00falpitos y techos, donde curvas, relieves, ornamentos vegetales y motivos religiosos creaban superficies densamente trabajadas. En la imaginer\u00eda sacra, el uso de madera policromada favoreci\u00f3 la creaci\u00f3n de figuras dram\u00e1ticas, con gestos marcados, rostros expresivos y vestimentas de gran complejidad visual. En la pintura destacan los contrastes de luz, la profundidad escenogr\u00e1fica y el acabado minucioso, mientras que en la escultura y la arquitectura aparecen fachadas elaboradas, interiores ricamente ornamentados y soluciones formales que generan movimiento, tensi\u00f3n y monumentalidad. <\/span><\/p>\n<p><span style=\"font-weight: 400;\">El Barroco brasile\u00f1o ocupa un lugar central en el arte colonial por haber desarrollado un lenguaje visual de gran densidad simb\u00f3lica y fuerte impacto formal. M\u00e1s que reproducir modelos europeos, su presencia en Brasil implic\u00f3 adaptaciones t\u00e9cnicas, materiales e iconogr\u00e1ficas que dieron lugar a configuraciones propias. Por ello, permanece como una referencia fundamental del patrimonio hist\u00f3rico y de la cultura visual brasile\u00f1a. <\/span><\/p>\n<\/div><\/div><\/div><div class=\"fusion-layout-column fusion_builder_column fusion-builder-column-8 fusion_builder_column_1_2 1_2 fusion-flex-column\" style=\"--awb-bg-size:cover;--awb-width-large:50%;--awb-margin-top-large:20px;--awb-spacing-right-large:3.84%;--awb-margin-bottom-large:20px;--awb-spacing-left-large:3.84%;--awb-width-medium:100%;--awb-order-medium:0;--awb-spacing-right-medium:1.92%;--awb-spacing-left-medium:1.92%;--awb-width-small:100%;--awb-order-small:0;--awb-spacing-right-small:1.92%;--awb-spacing-left-small:1.92%;\"><div class=\"fusion-column-wrapper fusion-column-has-shadow fusion-flex-justify-content-flex-start fusion-content-layout-column\"><div class=\"fusion-image-element \" style=\"--awb-caption-title-font-family:var(--h2_typography-font-family);--awb-caption-title-font-weight:var(--h2_typography-font-weight);--awb-caption-title-font-style:var(--h2_typography-font-style);--awb-caption-title-size:var(--h2_typography-font-size);--awb-caption-title-transform:var(--h2_typography-text-transform);--awb-caption-title-line-height:var(--h2_typography-line-height);--awb-caption-title-letter-spacing:var(--h2_typography-letter-spacing);\"><span class=\" fusion-imageframe imageframe-none imageframe-4 hover-type-none\"><img decoding=\"async\" width=\"683\" height=\"883\" alt=\"Capela Nossa Senhora do Carmo - Sabar\u00e1, Minas Gerais\" title=\"Capela Nossa Senhora do Carmo &#8211; Sabar\u00e1, Minas Gerais\" src=\"https:\/\/brazilianculture.art\/wp-content\/uploads\/2026\/03\/Nossa-senhora-do-carmo4-altar-mor.jpg\" data-orig-src=\"https:\/\/brazilianculture.art\/wp-content\/uploads\/2026\/03\/Nossa-senhora-do-carmo4-altar-mor.jpg\" class=\"lazyload img-responsive wp-image-7059\" srcset=\"data:image\/svg+xml,%3Csvg%20xmlns%3D%27http%3A%2F%2Fwww.w3.org%2F2000%2Fsvg%27%20width%3D%27683%27%20height%3D%27883%27%20viewBox%3D%270%200%20683%20883%27%3E%3Crect%20width%3D%27683%27%20height%3D%27883%27%20fill-opacity%3D%220%22%2F%3E%3C%2Fsvg%3E\" data-srcset=\"https:\/\/brazilianculture.art\/wp-content\/uploads\/2026\/03\/Nossa-senhora-do-carmo4-altar-mor-200x259.jpg 200w, https:\/\/brazilianculture.art\/wp-content\/uploads\/2026\/03\/Nossa-senhora-do-carmo4-altar-mor-400x517.jpg 400w, https:\/\/brazilianculture.art\/wp-content\/uploads\/2026\/03\/Nossa-senhora-do-carmo4-altar-mor-600x776.jpg 600w, https:\/\/brazilianculture.art\/wp-content\/uploads\/2026\/03\/Nossa-senhora-do-carmo4-altar-mor.jpg 683w\" data-sizes=\"auto\" data-orig-sizes=\"(max-width: 1024px) 100vw, (max-width: 640px) 100vw, 683px\" \/><\/span><\/div><\/div><\/div><\/div><\/div><div class=\"fusion-fullwidth fullwidth-box fusion-builder-row-5 fusion-flex-container has-pattern-background has-mask-background nonhundred-percent-fullwidth non-hundred-percent-height-scrolling\" style=\"--awb-border-radius-top-left:0px;--awb-border-radius-top-right:0px;--awb-border-radius-bottom-right:0px;--awb-border-radius-bottom-left:0px;--awb-flex-wrap:wrap;\" ><div class=\"fusion-builder-row fusion-row fusion-flex-align-items-flex-start fusion-flex-content-wrap\" style=\"max-width:1331.2px;margin-left: calc(-4% \/ 2 );margin-right: calc(-4% \/ 2 );\"><div class=\"fusion-layout-column fusion_builder_column fusion-builder-column-9 fusion_builder_column_1_1 1_1 fusion-flex-column\" style=\"--awb-bg-size:cover;--awb-width-large:100%;--awb-margin-top-large:20px;--awb-spacing-right-large:1.92%;--awb-margin-bottom-large:20px;--awb-spacing-left-large:1.92%;--awb-width-medium:100%;--awb-order-medium:0;--awb-spacing-right-medium:1.92%;--awb-spacing-left-medium:1.92%;--awb-width-small:100%;--awb-order-small:0;--awb-spacing-right-small:1.92%;--awb-spacing-left-small:1.92%;\"><div class=\"fusion-column-wrapper fusion-column-has-shadow fusion-flex-justify-content-flex-start fusion-content-layout-column\"><div class=\"fusion-title title fusion-title-5 fusion-sep-none fusion-title-text fusion-title-size-two\" style=\"--awb-margin-top-small:20px;--awb-margin-bottom-small:10px;\"><h2 class=\"fusion-title-heading title-heading-left fusion-responsive-typography-calculated\" style=\"margin:0;--fontSize:60;line-height:1.18;\"><strong>Tropic\u00e1lia<\/strong><\/h2><\/div><div class=\"fusion-text fusion-text-6\"><p><span style=\"font-weight: 400;\">La Tropic\u00e1lia fue una de las transformaciones est\u00e9ticas m\u00e1s importantes de la cultura brasile\u00f1a en el siglo XX. Surgida a finales de la d\u00e9cada de 1960, reuni\u00f3 m\u00fasica, artes visuales, teatro, cine y poes\u00eda para proponer una nueva forma de pensar Brasil. En lugar de defender una identidad nacional fija o \u201cpura\u201d, el movimiento asumi\u00f3 la mezcla y la contradicci\u00f3n como fuerzas creativas, colocando lado a lado tradiciones populares, cultura de masas, experimentaci\u00f3n de vanguardia y referencias internacionales. <\/span><\/p>\n<p><span style=\"font-weight: 400;\">En el plano est\u00e9tico, la Tropic\u00e1lia se destaca por la combinaci\u00f3n de distintos lenguajes, la acumulaci\u00f3n de referencias y el uso de la disonancia, el collage y el exceso como recursos centrales. Su vocabulario visual y sonoro articula la cultura popular brasile\u00f1a, la psicodelia, la poes\u00eda concreta y los medios de comunicaci\u00f3n de masas, generando obras marcadas por el contraste, la teatralidad y una fuerte carga simb\u00f3lica. En lugar de buscar unidad o pureza formal, el movimiento valor\u00f3 la tensi\u00f3n entre elementos distintos, transformando la exuberancia en un recurso cr\u00edtico para revelar las contradicciones de la modernidad brasile\u00f1a. <\/span><\/p>\n<p><span style=\"font-weight: 400;\">M\u00e1s que un movimiento hist\u00f3rico, la Tropic\u00e1lia propuso una concepci\u00f3n m\u00e1s amplia de la cultura: la idea de que la sofisticaci\u00f3n art\u00edstica tambi\u00e9n puede surgir de la mezcla, la inestabilidad y la audacia. Al romper las fronteras entre lo nacional y lo extranjero, lo erudito y lo popular, lo refinado y lo cotidiano, el movimiento estableci\u00f3 un modelo abierto e innovador de producci\u00f3n cultural. Para quienes observan el arte brasile\u00f1o con atenci\u00f3n, la Tropic\u00e1lia ofrece una clave de lectura fundamental: demuestra que la complejidad, cuando se trabaja con rigor, tambi\u00e9n puede convertirse en una forma de fuerza est\u00e9tica e identidad cultural. <\/span><\/p>\n<\/div><\/div><\/div><div class=\"fusion-layout-column fusion_builder_column fusion-builder-column-10 fusion_builder_column_1_1 1_1 fusion-flex-column\" style=\"--awb-bg-size:cover;--awb-width-large:100%;--awb-margin-top-large:20px;--awb-spacing-right-large:1.92%;--awb-margin-bottom-large:20px;--awb-spacing-left-large:1.92%;--awb-width-medium:100%;--awb-order-medium:0;--awb-spacing-right-medium:1.92%;--awb-spacing-left-medium:1.92%;--awb-width-small:100%;--awb-order-small:0;--awb-spacing-right-small:1.92%;--awb-spacing-left-small:1.92%;\"><div class=\"fusion-column-wrapper fusion-column-has-shadow fusion-flex-justify-content-flex-start fusion-content-layout-column\"><div class=\"fusion-title title fusion-title-6 fusion-sep-none fusion-title-text fusion-title-size-two\" style=\"--awb-margin-top-small:20px;--awb-margin-bottom-small:10px;\"><h2 class=\"fusion-title-heading title-heading-left fusion-responsive-typography-calculated\" style=\"margin:0;--fontSize:60;line-height:1.18;\"><strong>concretismo brasile\u00f1o<\/strong><\/h2><\/div><div class=\"fusion-text fusion-text-7\"><p><span style=\"font-weight: 400;\">El Concretismo brasile\u00f1o constituy\u00f3 una de las formulaciones m\u00e1s decisivas del arte moderno en el pa\u00eds, especialmente a partir de la d\u00e9cada de 1950, al afirmar un lenguaje basado en la objetividad formal, el rigor constructivo y la autonom\u00eda de los elementos visuales. En di\u00e1logo con las tendencias internacionales de la abstracci\u00f3n geom\u00e9trica, el movimiento busc\u00f3 romper con la representaci\u00f3n figurativa y la expresividad subjetiva, defendiendo la obra como una estructura organizada seg\u00fan relaciones precisas de forma, color, espacio y ritmo. M\u00e1s que una opci\u00f3n estil\u00edstica, el Concretismo propuso una nueva comprensi\u00f3n del arte, fundada en la claridad, el orden y la elaboraci\u00f3n racional de la composici\u00f3n. <\/span><\/p>\n<p><span style=\"font-weight: 400;\">En el plano est\u00e9tico, el Concretismo se caracteriza por la geometrizaci\u00f3n de las formas, la reducci\u00f3n del vocabulario visual, la precisi\u00f3n compositiva y el rechazo del gesto espont\u00e1neo como principio organizador de la obra. L\u00edneas, planos, colores y vol\u00famenes operan de manera objetiva, seg\u00fan estructuras calculadas y relaciones visuales controladas. La superficie deja de funcionar como un campo de ilusi\u00f3n y asume su condici\u00f3n material y constructiva, valorizando el equilibrio, la serialidad, la repetici\u00f3n y la s\u00edntesis formal. En lugar de narrar, representar o expresar emociones de forma directa, la obra concreta se centra en la construcci\u00f3n de una visualidad depurada, en la que cada elemento participa de un sistema rigurosamente articulado. <\/span><\/p>\n<p><span style=\"font-weight: 400;\">En su dimensi\u00f3n cultural, el Concretismo puede entenderse como parte de un proyecto m\u00e1s amplio de modernizaci\u00f3n est\u00e9tica, asociado a la valorizaci\u00f3n de la raz\u00f3n, la industria, el dise\u00f1o y la organizaci\u00f3n visual del mundo contempor\u00e1neo. Su relevancia radica en haber consolidado en Brasil un lenguaje art\u00edstico comprometido con la invenci\u00f3n formal y la disciplina constructiva, ampliando el campo de las artes visuales e influyendo tambi\u00e9n en la poes\u00eda, el dise\u00f1o y la comunicaci\u00f3n visual. Por ello, el movimiento permanece como una referencia central para comprender la relaci\u00f3n entre arte, forma y pensamiento moderno en el contexto brasile\u00f1o. <\/span><\/p>\n<\/div><\/div><\/div><div class=\"fusion-layout-column fusion_builder_column fusion-builder-column-11 fusion_builder_column_1_2 1_2 fusion-flex-column\" style=\"--awb-bg-size:cover;--awb-width-large:50%;--awb-margin-top-large:20px;--awb-spacing-right-large:3.84%;--awb-margin-bottom-large:20px;--awb-spacing-left-large:3.84%;--awb-width-medium:100%;--awb-order-medium:0;--awb-spacing-right-medium:1.92%;--awb-spacing-left-medium:1.92%;--awb-width-small:100%;--awb-order-small:0;--awb-spacing-right-small:1.92%;--awb-spacing-left-small:1.92%;\"><div class=\"fusion-column-wrapper fusion-column-has-shadow fusion-flex-justify-content-flex-start fusion-content-layout-column\"><div class=\"fusion-image-element awb-imageframe-style awb-imageframe-style-below awb-imageframe-style-5\" style=\"--awb-caption-title-font-family:var(--h4_typography-font-family);--awb-caption-title-font-weight:var(--h4_typography-font-weight);--awb-caption-title-font-style:var(--h4_typography-font-style);--awb-caption-title-size:var(--h4_typography-font-size);--awb-caption-title-transform:var(--h4_typography-text-transform);--awb-caption-title-line-height:var(--h4_typography-line-height);--awb-caption-title-letter-spacing:var(--h4_typography-letter-spacing);\"><span class=\" fusion-imageframe imageframe-none imageframe-5 hover-type-none\"><img decoding=\"async\" width=\"2000\" height=\"1234\" title=\"Obra \u201cCaranguejo\u201d da cole\u00e7\u00e3o \u201cBichos\u201d de Lygia Clark\" src=\"https:\/\/brazilianculture.art\/wp-content\/uploads\/2026\/04\/O_Bicho_Linear_-_Lygia_Clark.jpg\" data-orig-src=\"https:\/\/brazilianculture.art\/wp-content\/uploads\/2026\/04\/O_Bicho_Linear_-_Lygia_Clark.jpg\" alt class=\"lazyload img-responsive wp-image-7158\" srcset=\"data:image\/svg+xml,%3Csvg%20xmlns%3D%27http%3A%2F%2Fwww.w3.org%2F2000%2Fsvg%27%20width%3D%272000%27%20height%3D%271234%27%20viewBox%3D%270%200%202000%201234%27%3E%3Crect%20width%3D%272000%27%20height%3D%271234%27%20fill-opacity%3D%220%22%2F%3E%3C%2Fsvg%3E\" data-srcset=\"https:\/\/brazilianculture.art\/wp-content\/uploads\/2026\/04\/O_Bicho_Linear_-_Lygia_Clark-200x123.jpg 200w, https:\/\/brazilianculture.art\/wp-content\/uploads\/2026\/04\/O_Bicho_Linear_-_Lygia_Clark-400x247.jpg 400w, https:\/\/brazilianculture.art\/wp-content\/uploads\/2026\/04\/O_Bicho_Linear_-_Lygia_Clark-600x370.jpg 600w, https:\/\/brazilianculture.art\/wp-content\/uploads\/2026\/04\/O_Bicho_Linear_-_Lygia_Clark-800x494.jpg 800w, https:\/\/brazilianculture.art\/wp-content\/uploads\/2026\/04\/O_Bicho_Linear_-_Lygia_Clark-1200x740.jpg 1200w, https:\/\/brazilianculture.art\/wp-content\/uploads\/2026\/04\/O_Bicho_Linear_-_Lygia_Clark.jpg 2000w\" data-sizes=\"auto\" data-orig-sizes=\"(max-width: 1024px) 100vw, (max-width: 640px) 100vw, 800px\" \/><\/span><div class=\"awb-imageframe-caption-container\" style=\"text-align:center;\"><div class=\"awb-imageframe-caption\"><h4 class=\"awb-imageframe-caption-title\">Obra \u201cCaranguejo\u201d da cole\u00e7\u00e3o \u201cBichos\u201d de Lygia Clark<\/h4><\/div><\/div><\/div><div class=\"fusion-image-element awb-imageframe-style awb-imageframe-style-below awb-imageframe-style-6\" style=\"--awb-caption-title-font-family:var(--h4_typography-font-family);--awb-caption-title-font-weight:var(--h4_typography-font-weight);--awb-caption-title-font-style:var(--h4_typography-font-style);--awb-caption-title-size:var(--h4_typography-font-size);--awb-caption-title-transform:var(--h4_typography-text-transform);--awb-caption-title-line-height:var(--h4_typography-line-height);--awb-caption-title-letter-spacing:var(--h4_typography-letter-spacing);\"><span class=\" fusion-imageframe imageframe-none imageframe-6 hover-type-none\"><img decoding=\"async\" width=\"547\" height=\"551\" title=\"Willys de Castro em frente \u00e0 pinturas na exposi\u00e7\u00e3o do VI Sal\u00e3o de Arte Moderna de 1957\" src=\"https:\/\/brazilianculture.art\/wp-content\/uploads\/2026\/04\/Willys_de_Castro_em_frente_a_pinturas_na_exposicao_do_VI_Salao_de_Arte_Moderna_de_1957.png\" data-orig-src=\"https:\/\/brazilianculture.art\/wp-content\/uploads\/2026\/04\/Willys_de_Castro_em_frente_a_pinturas_na_exposicao_do_VI_Salao_de_Arte_Moderna_de_1957.png\" alt class=\"lazyload img-responsive wp-image-7163\" srcset=\"data:image\/svg+xml,%3Csvg%20xmlns%3D%27http%3A%2F%2Fwww.w3.org%2F2000%2Fsvg%27%20width%3D%27547%27%20height%3D%27551%27%20viewBox%3D%270%200%20547%20551%27%3E%3Crect%20width%3D%27547%27%20height%3D%27551%27%20fill-opacity%3D%220%22%2F%3E%3C%2Fsvg%3E\" data-srcset=\"https:\/\/brazilianculture.art\/wp-content\/uploads\/2026\/04\/Willys_de_Castro_em_frente_a_pinturas_na_exposicao_do_VI_Salao_de_Arte_Moderna_de_1957-200x201.png 200w, https:\/\/brazilianculture.art\/wp-content\/uploads\/2026\/04\/Willys_de_Castro_em_frente_a_pinturas_na_exposicao_do_VI_Salao_de_Arte_Moderna_de_1957-400x403.png 400w, https:\/\/brazilianculture.art\/wp-content\/uploads\/2026\/04\/Willys_de_Castro_em_frente_a_pinturas_na_exposicao_do_VI_Salao_de_Arte_Moderna_de_1957.png 547w\" data-sizes=\"auto\" data-orig-sizes=\"(max-width: 1024px) 100vw, (max-width: 640px) 100vw, 547px\" \/><\/span><div class=\"awb-imageframe-caption-container\" style=\"text-align:center;\"><div class=\"awb-imageframe-caption\"><h4 class=\"awb-imageframe-caption-title\">Willys de Castro em frente \u00e0 pinturas na exposi\u00e7\u00e3o do VI Sal\u00e3o de Arte Moderna de 1957<\/h4><\/div><\/div><\/div><\/div><\/div><div class=\"fusion-layout-column fusion_builder_column fusion-builder-column-12 fusion_builder_column_1_2 1_2 fusion-flex-column\" style=\"--awb-bg-size:cover;--awb-width-large:50%;--awb-margin-top-large:20px;--awb-spacing-right-large:3.84%;--awb-margin-bottom-large:20px;--awb-spacing-left-large:3.84%;--awb-width-medium:100%;--awb-order-medium:0;--awb-spacing-right-medium:1.92%;--awb-spacing-left-medium:1.92%;--awb-width-small:100%;--awb-order-small:0;--awb-spacing-right-small:1.92%;--awb-spacing-left-small:1.92%;\"><div class=\"fusion-column-wrapper fusion-column-has-shadow fusion-flex-justify-content-flex-start fusion-content-layout-column\"><div class=\"fusion-title title fusion-title-7 fusion-sep-none fusion-title-text fusion-title-size-two\" style=\"--awb-margin-top-small:20px;--awb-margin-bottom-small:10px;\"><h2 class=\"fusion-title-heading title-heading-left fusion-responsive-typography-calculated\" style=\"margin:0;--fontSize:60;line-height:1.18;\"><strong>Neoconcretismo<\/strong><\/h2><\/div><div class=\"fusion-text fusion-text-8\"><p><span data-contrast=\"auto\">El Neoconcretismo brasile\u00f1o, desarrollado a finales de la d\u00e9cada de 1950, representa un punto de inflexi\u00f3n en las artes visuales al cuestionar los l\u00edmites del racionalismo constructivo que orientaba la abstracci\u00f3n geom\u00e9trica en el pa\u00eds. En di\u00e1logo cr\u00edtico con el Concretismo\u2014fuertemente influido por matrices europeas y por una l\u00f3gica de orden y c\u00e1lculo, el movimiento comienza a concebir la obra como una estructura sensible, abierta a la experiencia y a la inestabilidad. En este contexto, el arte deja de entenderse como un objeto aut\u00f3nomo y pasa a configurarse a partir de su relaci\u00f3n con el espacio, la materia y el cuerpo del espectador, desplazando el enfoque de la contemplaci\u00f3n hacia la experiencia vivida. <\/span><\/p>\n<p><span data-contrast=\"auto\">En el plano est\u00e9tico, el Neoconcretismo se caracteriza por la activaci\u00f3n del espacio real y la superaci\u00f3n de la bidimensionalidad estricta, proponiendo obras que requieren la participaci\u00f3n directa del espectador. Relieves, estructuras articuladas, objetos interactivos y propuestas ambientales transforman la percepci\u00f3n en una experiencia concreta, involucrando la visi\u00f3n, el tacto y el movimiento en el tiempo y el espacio. La geometr\u00eda sigue presente como lenguaje, pero pierde su car\u00e1cter normativo, volvi\u00e9ndose m\u00e1s flexible y expresiva. Artistas como Lygia Clark, H\u00e9lio Oiticica y Willys de Castro exploraron esta transici\u00f3n al desdibujar los l\u00edmites entre pintura, objeto y entorno, dando lugar a una visualidad que se construye en el encuentro entre forma y experiencia. <\/span><\/p>\n<p><span data-contrast=\"auto\">En su dimensi\u00f3n cr\u00edtica, el Neoconcretismo puede entenderse como una respuesta a formas m\u00e1s r\u00edgidas de organizar el arte moderno, proponiendo nuevas relaciones entre la obra, el p\u00fablico y el contexto. Su fuerza pol\u00edtica no se manifiesta a trav\u00e9s de im\u00e1genes de protesta directa, sino en la creaci\u00f3n de situaciones que alteran los h\u00e1bitos de percepci\u00f3n y cuestionan las jerarqu\u00edas establecidas entre artista, obra y espectador. Al articular innovaci\u00f3n formal y experiencia sensorial, el movimiento redefini\u00f3 el lugar del arte contempor\u00e1neo en Brasil y ampli\u00f3 el campo cr\u00edtico de la producci\u00f3n visual en Am\u00e9rica Latina. <\/span><\/p>\n<\/div><\/div><\/div><\/div><\/div><div class=\"fusion-fullwidth fullwidth-box fusion-builder-row-6 fusion-flex-container has-pattern-background has-mask-background nonhundred-percent-fullwidth non-hundred-percent-height-scrolling\" style=\"--awb-border-radius-top-left:0px;--awb-border-radius-top-right:0px;--awb-border-radius-bottom-right:0px;--awb-border-radius-bottom-left:0px;--awb-flex-wrap:wrap;\" ><div class=\"fusion-builder-row fusion-row fusion-flex-align-items-flex-start fusion-flex-content-wrap\" style=\"max-width:1331.2px;margin-left: calc(-4% \/ 2 );margin-right: calc(-4% \/ 2 );\"><div class=\"fusion-layout-column fusion_builder_column fusion-builder-column-13 fusion_builder_column_1_1 1_1 fusion-flex-column\" style=\"--awb-bg-size:cover;--awb-width-large:100%;--awb-margin-top-large:20px;--awb-spacing-right-large:1.92%;--awb-margin-bottom-large:20px;--awb-spacing-left-large:1.92%;--awb-width-medium:100%;--awb-order-medium:0;--awb-spacing-right-medium:1.92%;--awb-spacing-left-medium:1.92%;--awb-width-small:100%;--awb-order-small:0;--awb-spacing-right-small:1.92%;--awb-spacing-left-small:1.92%;\"><div class=\"fusion-column-wrapper fusion-column-has-shadow fusion-flex-justify-content-flex-start fusion-content-layout-column\"><div class=\"fusion-title title fusion-title-8 fusion-sep-none fusion-title-text fusion-title-size-two\" style=\"--awb-margin-top-small:20px;--awb-margin-bottom-small:10px;\"><h2 class=\"fusion-title-heading title-heading-left fusion-responsive-typography-calculated\" style=\"margin:0;--fontSize:60;line-height:1.18;\"><strong>Antropofagia<\/strong><\/h2><\/div><div class=\"fusion-text fusion-text-9\"><p><span style=\"font-weight: 400;\">La Antropofagia brasile\u00f1a, formulada en el contexto del Modernismo y consolidada a partir del Manifiesto Antrop\u00f3fago de 1928, fue una de las ideas m\u00e1s potentes de la cultura brasile\u00f1a en el siglo XX. M\u00e1s que defender la simple absorci\u00f3n de influencias externas, el movimiento propuso que Brasil construyera su propia fuerza cultural a partir de la transformaci\u00f3n de lo que proviene del exterior. En lugar de copiar modelos europeos o buscar una identidad nacional \u201cpura\u201d, la Antropofagia present\u00f3 la cultura brasile\u00f1a como capaz de devorar, recrear y resignificar diversas referencias. <\/span><\/p>\n<p><span style=\"font-weight: 400;\">En el plano est\u00e9tico, la Antropofagia se caracteriza por la mezcla de repertorios, la combinaci\u00f3n de distintos tiempos y referencias, y el uso de la iron\u00eda, la parodia y la experimentaci\u00f3n como elementos centrales. El movimiento articula la cultura ind\u00edgena, la oralidad, el humor, la cr\u00edtica y formas modernas de invenci\u00f3n art\u00edstica, creando un lenguaje marcado por el choque, el desplazamiento y la reinvenci\u00f3n. En lugar de buscar unidad o fidelidad a modelos importados, la propuesta antropof\u00e1gica valora la transformaci\u00f3n de lo apropiado, haciendo del arte un espacio de recomposici\u00f3n y tensi\u00f3n creativa. <\/span><\/p>\n<p><span style=\"font-weight: 400;\">En su dimensi\u00f3n pol\u00edtica, la Antropofagia puede entenderse como una cr\u00edtica directa a las jerarqu\u00edas culturales heredadas del colonialismo. Su fuerza radica en invertir la l\u00f3gica de la influencia: lo que viene de fuera deja de ser visto como un modelo superior y pasa a convertirse en materia de creaci\u00f3n. Al defender este gesto activo de apropiaci\u00f3n y transformaci\u00f3n, el movimiento propone una forma de autonom\u00eda cultural basada en el rechazo de la pasividad. Por ello, la Antropofagia permanece como una referencia central para pensar el arte, la literatura y los debates sobre identidad y descolonizaci\u00f3n en Brasil. <\/span><\/p>\n<\/div><\/div><\/div><div class=\"fusion-layout-column fusion_builder_column fusion-builder-column-14 fusion_builder_column_1_1 1_1 fusion-flex-column\" style=\"--awb-bg-size:cover;--awb-width-large:100%;--awb-margin-top-large:20px;--awb-spacing-right-large:1.92%;--awb-margin-bottom-large:20px;--awb-spacing-left-large:1.92%;--awb-width-medium:100%;--awb-order-medium:0;--awb-spacing-right-medium:1.92%;--awb-spacing-left-medium:1.92%;--awb-width-small:100%;--awb-order-small:0;--awb-spacing-right-small:1.92%;--awb-spacing-left-small:1.92%;\"><div class=\"fusion-column-wrapper fusion-column-has-shadow fusion-flex-justify-content-flex-start fusion-content-layout-column\"><div class=\"fusion-image-element awb-imageframe-style awb-imageframe-style-below awb-imageframe-style-7\" style=\"--awb-caption-title-font-family:var(--h5_typography-font-family);--awb-caption-title-font-weight:var(--h5_typography-font-weight);--awb-caption-title-font-style:var(--h5_typography-font-style);--awb-caption-title-size:var(--h5_typography-font-size);--awb-caption-title-transform:var(--h5_typography-text-transform);--awb-caption-title-line-height:var(--h5_typography-line-height);--awb-caption-title-letter-spacing:var(--h5_typography-letter-spacing);\"><span class=\" fusion-imageframe imageframe-none imageframe-7 hover-type-none\"><img decoding=\"async\" width=\"2073\" height=\"1560\" title=\"A Cuca, 1924 &#8211; O\u0301leo sobre tela Tarsila do Amaral\" src=\"https:\/\/brazilianculture.art\/wp-content\/uploads\/2026\/04\/A-Cuca-1924-Oleo-sobre-tela-Tarsila-do-Amaral.jpeg\" data-orig-src=\"https:\/\/brazilianculture.art\/wp-content\/uploads\/2026\/04\/A-Cuca-1924-Oleo-sobre-tela-Tarsila-do-Amaral.jpeg\" alt class=\"lazyload img-responsive wp-image-7601\" srcset=\"data:image\/svg+xml,%3Csvg%20xmlns%3D%27http%3A%2F%2Fwww.w3.org%2F2000%2Fsvg%27%20width%3D%272073%27%20height%3D%271560%27%20viewBox%3D%270%200%202073%201560%27%3E%3Crect%20width%3D%272073%27%20height%3D%271560%27%20fill-opacity%3D%220%22%2F%3E%3C%2Fsvg%3E\" data-srcset=\"https:\/\/brazilianculture.art\/wp-content\/uploads\/2026\/04\/A-Cuca-1924-Oleo-sobre-tela-Tarsila-do-Amaral-200x151.jpeg 200w, https:\/\/brazilianculture.art\/wp-content\/uploads\/2026\/04\/A-Cuca-1924-Oleo-sobre-tela-Tarsila-do-Amaral-400x301.jpeg 400w, https:\/\/brazilianculture.art\/wp-content\/uploads\/2026\/04\/A-Cuca-1924-Oleo-sobre-tela-Tarsila-do-Amaral-600x452.jpeg 600w, https:\/\/brazilianculture.art\/wp-content\/uploads\/2026\/04\/A-Cuca-1924-Oleo-sobre-tela-Tarsila-do-Amaral-800x602.jpeg 800w, https:\/\/brazilianculture.art\/wp-content\/uploads\/2026\/04\/A-Cuca-1924-Oleo-sobre-tela-Tarsila-do-Amaral-1200x903.jpeg 1200w, https:\/\/brazilianculture.art\/wp-content\/uploads\/2026\/04\/A-Cuca-1924-Oleo-sobre-tela-Tarsila-do-Amaral.jpeg 2073w\" data-sizes=\"auto\" data-orig-sizes=\"(max-width: 1024px) 100vw, (max-width: 640px) 100vw, 2073px\" \/><\/span><div class=\"awb-imageframe-caption-container\" style=\"text-align:center;\"><div class=\"awb-imageframe-caption\"><h5 class=\"awb-imageframe-caption-title\">A Cuca, 1924 &#8211; O\u0301leo sobre tela Tarsila do Amaral<\/h5><\/div><\/div><\/div><\/div><\/div><\/div><\/div><div class=\"fusion-fullwidth fullwidth-box fusion-builder-row-7 fusion-flex-container has-pattern-background has-mask-background nonhundred-percent-fullwidth non-hundred-percent-height-scrolling\" style=\"--awb-border-radius-top-left:0px;--awb-border-radius-top-right:0px;--awb-border-radius-bottom-right:0px;--awb-border-radius-bottom-left:0px;--awb-flex-wrap:wrap;\" ><div class=\"fusion-builder-row fusion-row fusion-flex-align-items-flex-start fusion-flex-content-wrap\" style=\"max-width:1331.2px;margin-left: calc(-4% \/ 2 );margin-right: calc(-4% \/ 2 );\"><div class=\"fusion-layout-column fusion_builder_column fusion-builder-column-15 fusion_builder_column_1_1 1_1 fusion-flex-column\" style=\"--awb-bg-size:cover;--awb-width-large:100%;--awb-margin-top-large:20px;--awb-spacing-right-large:1.92%;--awb-margin-bottom-large:20px;--awb-spacing-left-large:1.92%;--awb-width-medium:100%;--awb-order-medium:0;--awb-spacing-right-medium:1.92%;--awb-spacing-left-medium:1.92%;--awb-width-small:100%;--awb-order-small:0;--awb-spacing-right-small:1.92%;--awb-spacing-left-small:1.92%;\"><div class=\"fusion-column-wrapper fusion-column-has-shadow fusion-flex-justify-content-flex-start fusion-content-layout-column\"><div class=\"fusion-title title fusion-title-9 fusion-sep-none fusion-title-text fusion-title-size-two\" style=\"--awb-margin-top-small:20px;--awb-margin-bottom-small:10px;\"><h2 class=\"fusion-title-heading title-heading-left fusion-responsive-typography-calculated\" style=\"margin:0;--fontSize:60;line-height:1.18;\"><strong>Cyberagreste<\/strong><\/h2><\/div><\/div><\/div><div class=\"fusion-layout-column fusion_builder_column fusion-builder-column-16 fusion_builder_column_1_1 1_1 fusion-flex-column\" style=\"--awb-bg-size:cover;--awb-width-large:100%;--awb-margin-top-large:20px;--awb-spacing-right-large:1.92%;--awb-margin-bottom-large:20px;--awb-spacing-left-large:1.92%;--awb-width-medium:100%;--awb-order-medium:0;--awb-spacing-right-medium:1.92%;--awb-spacing-left-medium:1.92%;--awb-width-small:100%;--awb-order-small:0;--awb-spacing-right-small:1.92%;--awb-spacing-left-small:1.92%;\"><div class=\"fusion-column-wrapper fusion-column-has-shadow fusion-flex-justify-content-flex-start fusion-content-layout-column\"><div class=\"fusion-text fusion-text-10\"><p><span style=\"font-weight: 400;\">El Cyberagreste brasile\u00f1o puede entenderse como una est\u00e9tica emergente que aproxima repertorios del Nordeste, del sert\u00e3o y de las culturas populares con imaginarios vinculados a la ciencia ficci\u00f3n, el cyberpunk y las visualidades tecnol\u00f3gicas. M\u00e1s que un movimiento formalmente consolidado, se trata de un lenguaje en circulaci\u00f3n en las artes visuales, la ilustraci\u00f3n, la moda y la ficci\u00f3n especulativa, marcado por la invenci\u00f3n de futuros situados a partir de referencias regionales. <\/span><\/p>\n<p><span style=\"font-weight: 400;\">En el plano est\u00e9tico, el Cyberagreste se caracteriza por la fusi\u00f3n entre signos regionales y elementos futuristas, produciendo im\u00e1genes de fuerte contraste e hibridaci\u00f3n. Vestimentas que evocan el canga\u00e7o, paisajes \u00e1ridos, grafismos populares, chatarra electr\u00f3nica, pr\u00f3tesis, luz artificial e interfaces digitales coexisten dentro de una misma composici\u00f3n. En lugar de buscar fidelidad documental, esta est\u00e9tica opera mediante la mezcla, el desplazamiento y la reinvenci\u00f3n simb\u00f3lica, transformando elementos del Nordeste en materia para imaginar futuros alternativos. <\/span><\/p>\n<p><span style=\"font-weight: 400;\">En su dimensi\u00f3n cr\u00edtica, el Cyberagreste tensiona las formas tradicionales de representar el Nordeste, proponiendo que el futuro tambi\u00e9n puede pensarse desde territorios hist\u00f3ricamente considerados perif\u00e9ricos. Al articular tecnolog\u00eda, cultura popular e imaginaci\u00f3n especulativa, esta formulaci\u00f3n ampl\u00eda el campo de la representaci\u00f3n y desplaza el centro de las narrativas visuales sobre la modernidad en Brasil. Al mismo tiempo, su debate tambi\u00e9n implica el riesgo de reproducir estereotipos, lo que convierte a esta est\u00e9tica en un campo activo de disputa simb\u00f3lica. <\/span><\/p>\n<\/div><\/div><\/div><\/div><\/div><div class=\"fusion-fullwidth fullwidth-box fusion-builder-row-8 fusion-flex-container has-pattern-background has-mask-background nonhundred-percent-fullwidth non-hundred-percent-height-scrolling\" style=\"--awb-border-radius-top-left:0px;--awb-border-radius-top-right:0px;--awb-border-radius-bottom-right:0px;--awb-border-radius-bottom-left:0px;--awb-flex-wrap:wrap;\" ><div class=\"fusion-builder-row fusion-row fusion-flex-align-items-flex-start fusion-flex-content-wrap\" style=\"max-width:1331.2px;margin-left: calc(-4% \/ 2 );margin-right: calc(-4% \/ 2 );\"><div class=\"fusion-layout-column fusion_builder_column fusion-builder-column-17 fusion_builder_column_1_2 1_2 fusion-flex-column\" style=\"--awb-bg-size:cover;--awb-width-large:50%;--awb-margin-top-large:20px;--awb-spacing-right-large:3.84%;--awb-margin-bottom-large:20px;--awb-spacing-left-large:3.84%;--awb-width-medium:100%;--awb-order-medium:0;--awb-spacing-right-medium:1.92%;--awb-spacing-left-medium:1.92%;--awb-width-small:100%;--awb-order-small:0;--awb-spacing-right-small:1.92%;--awb-spacing-left-small:1.92%;\"><div class=\"fusion-column-wrapper fusion-column-has-shadow fusion-flex-justify-content-flex-start fusion-content-layout-column\"><div class=\"fusion-title title fusion-title-10 fusion-sep-none fusion-title-text fusion-title-size-two\" style=\"--awb-margin-top-small:20px;--awb-margin-bottom-small:10px;\"><h2 class=\"fusion-title-heading title-heading-left fusion-responsive-typography-calculated\" style=\"margin:0;--fontSize:60;line-height:1.18;\"><strong>Expresionismo brasile\u00f1o<\/strong><\/h2><\/div><div class=\"fusion-image-element awb-imageframe-style awb-imageframe-style-below awb-imageframe-style-8\" style=\"--awb-caption-title-font-family:var(--h5_typography-font-family);--awb-caption-title-font-weight:var(--h5_typography-font-weight);--awb-caption-title-font-style:var(--h5_typography-font-style);--awb-caption-title-size:var(--h5_typography-font-size);--awb-caption-title-transform:var(--h5_typography-text-transform);--awb-caption-title-line-height:var(--h5_typography-line-height);--awb-caption-title-letter-spacing:var(--h5_typography-letter-spacing);\"><span class=\" fusion-imageframe imageframe-none imageframe-8 hover-type-none\"><img decoding=\"async\" width=\"1129\" height=\"1500\" title=\"\u201cMaternidade\u201d Lasar Segall\" src=\"https:\/\/brazilianculture.art\/wp-content\/uploads\/2026\/04\/Maternidade_-_Lasar_Segall.jpg\" data-orig-src=\"https:\/\/brazilianculture.art\/wp-content\/uploads\/2026\/04\/Maternidade_-_Lasar_Segall.jpg\" alt class=\"lazyload img-responsive wp-image-7203\" srcset=\"data:image\/svg+xml,%3Csvg%20xmlns%3D%27http%3A%2F%2Fwww.w3.org%2F2000%2Fsvg%27%20width%3D%271129%27%20height%3D%271500%27%20viewBox%3D%270%200%201129%201500%27%3E%3Crect%20width%3D%271129%27%20height%3D%271500%27%20fill-opacity%3D%220%22%2F%3E%3C%2Fsvg%3E\" data-srcset=\"https:\/\/brazilianculture.art\/wp-content\/uploads\/2026\/04\/Maternidade_-_Lasar_Segall-200x266.jpg 200w, https:\/\/brazilianculture.art\/wp-content\/uploads\/2026\/04\/Maternidade_-_Lasar_Segall-400x531.jpg 400w, https:\/\/brazilianculture.art\/wp-content\/uploads\/2026\/04\/Maternidade_-_Lasar_Segall-600x797.jpg 600w, https:\/\/brazilianculture.art\/wp-content\/uploads\/2026\/04\/Maternidade_-_Lasar_Segall-800x1063.jpg 800w, https:\/\/brazilianculture.art\/wp-content\/uploads\/2026\/04\/Maternidade_-_Lasar_Segall.jpg 1129w\" data-sizes=\"auto\" data-orig-sizes=\"(max-width: 1024px) 100vw, (max-width: 640px) 100vw, 800px\" \/><\/span><div class=\"awb-imageframe-caption-container\" style=\"text-align:center;\"><div class=\"awb-imageframe-caption\"><h5 class=\"awb-imageframe-caption-title\">\u201cMaternidade\u201d Lasar Segall<\/h5><\/div><\/div><\/div><\/div><\/div><div class=\"fusion-layout-column fusion_builder_column fusion-builder-column-18 fusion_builder_column_1_2 1_2 fusion-flex-column\" style=\"--awb-bg-size:cover;--awb-width-large:50%;--awb-margin-top-large:20px;--awb-spacing-right-large:3.84%;--awb-margin-bottom-large:20px;--awb-spacing-left-large:3.84%;--awb-width-medium:100%;--awb-order-medium:0;--awb-spacing-right-medium:1.92%;--awb-spacing-left-medium:1.92%;--awb-width-small:100%;--awb-order-small:0;--awb-spacing-right-small:1.92%;--awb-spacing-left-small:1.92%;\"><div class=\"fusion-column-wrapper fusion-column-has-shadow fusion-flex-justify-content-flex-start fusion-content-layout-column\"><div class=\"fusion-text fusion-text-11\"><p><span style=\"font-weight: 400;\">El expresionismo brasile\u00f1o se desarroll\u00f3 en las primeras d\u00e9cadas del siglo XX, en di\u00e1logo con la renovaci\u00f3n modernista y la circulaci\u00f3n de lenguajes de vanguardia provenientes de Europa. En Brasil, no se consolid\u00f3 como un movimiento homog\u00e9neo y cerrado, sino como una orientaci\u00f3n visual presente en artistas que buscaron romper con el naturalismo acad\u00e9mico y ampliar la fuerza emocional de la imagen. En este contexto, figuras como Anita Malfatti y Lasar Segall fueron decisivas para introducir una pintura marcada por la deformaci\u00f3n expresiva, la intensidad psicol\u00f3gica y la libertad formal, contribuyendo a desplazar el eje del arte brasile\u00f1o hacia la modernidad. <\/span><\/p>\n<p>&nbsp;<\/p>\n<p><span style=\"font-weight: 400;\">En el plano visual, el expresionismo brasile\u00f1o se caracteriza por la distorsi\u00f3n de las formas, el uso dram\u00e1tico del color, la intensificaci\u00f3n del trazo y la construcci\u00f3n de atm\u00f3sferas de fuerte carga emotiva. Rostros tensos, figuras alargadas, composiciones inestables y contrastes crom\u00e1ticos aparecen como recursos para hacer visibles estados de angustia, soledad, conflicto o melancol\u00eda. En lugar de buscar fidelidad a la realidad, este lenguaje privilegia la subjetividad, convirtiendo la pintura en un campo de condensaci\u00f3n afectiva y tensi\u00f3n sensible. En el contexto brasile\u00f1o, estas operaciones se articulan tanto con experiencias urbanas y sociales como con lecturas m\u00e1s existenciales de la figura humana. <\/span><\/p>\n<p>&nbsp;<\/p>\n<p><span style=\"font-weight: 400;\">Hist\u00f3ricamente, el expresionismo tuvo gran importancia en Brasil al contribuir a la ruptura con los est\u00e1ndares acad\u00e9micos y abrir espacio para un arte m\u00e1s libre, subjetivo y experimental. Su presencia fue decisiva en el proceso de formaci\u00f3n del arte moderno brasile\u00f1o, especialmente al legitimar una visualidad menos centrada en la imitaci\u00f3n y m\u00e1s orientada hacia la intensidad de la experiencia. Por ello, el expresionismo brasile\u00f1o ocupa un lugar relevante en la historia del arte del pa\u00eds, no como una escuela estable, sino como una fuerza de transformaci\u00f3n est\u00e9tica que ampli\u00f3 los l\u00edmites de la representaci\u00f3n moderna. <\/span><\/p>\n<p>&nbsp;<\/p>\n<\/div><\/div><\/div><div class=\"fusion-layout-column fusion_builder_column fusion-builder-column-19 fusion_builder_column_1_1 1_1 fusion-flex-column\" style=\"--awb-bg-size:cover;--awb-width-large:100%;--awb-margin-top-large:20px;--awb-spacing-right-large:1.92%;--awb-margin-bottom-large:20px;--awb-spacing-left-large:1.92%;--awb-width-medium:100%;--awb-order-medium:0;--awb-spacing-right-medium:1.92%;--awb-spacing-left-medium:1.92%;--awb-width-small:100%;--awb-order-small:0;--awb-spacing-right-small:1.92%;--awb-spacing-left-small:1.92%;\"><div class=\"fusion-column-wrapper fusion-column-has-shadow fusion-flex-justify-content-flex-start fusion-content-layout-column\"><div class=\"fusion-title title fusion-title-11 fusion-sep-none fusion-title-text fusion-title-size-two\" style=\"--awb-margin-top-small:20px;--awb-margin-bottom-small:10px;\"><h2 class=\"fusion-title-heading title-heading-left fusion-responsive-typography-calculated\" style=\"margin:0;--fontSize:60;line-height:1.18;\"><strong>Grafiti<\/strong><\/h2><\/div><div class=\"fusion-image-element awb-imageframe-style awb-imageframe-style-below awb-imageframe-style-9\" style=\"--awb-caption-title-font-family:var(--h5_typography-font-family);--awb-caption-title-font-weight:var(--h5_typography-font-weight);--awb-caption-title-font-style:var(--h5_typography-font-style);--awb-caption-title-size:var(--h5_typography-font-size);--awb-caption-title-transform:var(--h5_typography-text-transform);--awb-caption-title-line-height:var(--h5_typography-line-height);--awb-caption-title-letter-spacing:var(--h5_typography-letter-spacing);\"><span class=\" fusion-imageframe imageframe-none imageframe-9 hover-type-none\"><img decoding=\"async\" width=\"2560\" height=\"1707\" title=\"Grafite na entrada do Mam, Os G\u00eameos\" src=\"data:image\/svg+xml,%3Csvg%20xmlns%3D%27http%3A%2F%2Fwww.w3.org%2F2000%2Fsvg%27%20width%3D%272560%27%20height%3D%271707%27%20viewBox%3D%270%200%202560%201707%27%3E%3Crect%20width%3D%272560%27%20height%3D%271707%27%20fill-opacity%3D%220%22%2F%3E%3C%2Fsvg%3E\" data-orig-src=\"https:\/\/brazilianculture.art\/wp-content\/uploads\/2026\/03\/5878023404_2c43590eec_o-scaled-e1775092572325.jpg\" alt class=\"lazyload img-responsive wp-image-7073\"\/><\/span><div class=\"awb-imageframe-caption-container\" style=\"text-align:center;\"><div class=\"awb-imageframe-caption\"><h5 class=\"awb-imageframe-caption-title\">Grafite na entrada do Mam, Os G\u00eameos<\/h5><p class=\"awb-imageframe-caption-text\">Parque Ibirapuera, Avenida Pedro \u00c1lvares Cabral, s\/n. Foto por Andr\u00e9 Deak para o Arte Fora do Museu (http:\/\/www.arteforadomuseu.com.br)<\/p><\/div><\/div><\/div><\/div><\/div><\/div><\/div><div class=\"fusion-fullwidth fullwidth-box fusion-builder-row-9 fusion-flex-container has-pattern-background has-mask-background nonhundred-percent-fullwidth non-hundred-percent-height-scrolling\" style=\"--awb-border-radius-top-left:0px;--awb-border-radius-top-right:0px;--awb-border-radius-bottom-right:0px;--awb-border-radius-bottom-left:0px;--awb-flex-wrap:wrap;\" ><div class=\"fusion-builder-row fusion-row fusion-flex-align-items-flex-start fusion-flex-content-wrap\" style=\"max-width:1331.2px;margin-left: calc(-4% \/ 2 );margin-right: calc(-4% \/ 2 );\"><div class=\"fusion-layout-column fusion_builder_column fusion-builder-column-20 fusion_builder_column_1_2 1_2 fusion-flex-column\" style=\"--awb-bg-size:cover;--awb-width-large:50%;--awb-margin-top-large:20px;--awb-spacing-right-large:3.84%;--awb-margin-bottom-large:20px;--awb-spacing-left-large:3.84%;--awb-width-medium:100%;--awb-order-medium:0;--awb-spacing-right-medium:1.92%;--awb-spacing-left-medium:1.92%;--awb-width-small:100%;--awb-order-small:0;--awb-spacing-right-small:1.92%;--awb-spacing-left-small:1.92%;\"><div class=\"fusion-column-wrapper fusion-column-has-shadow fusion-flex-justify-content-flex-start fusion-content-layout-column\"><div class=\"fusion-text fusion-text-12\"><p><span style=\"font-weight: 400;\">En el territorio brasile\u00f1o, el grafiti y las artes urbanas constituyen un lenguaje visual profundamente ligado a la experiencia de la ciudad, a las culturas de calle y a la disputa por la visibilidad en el espacio p\u00fablico. Aunque dialogan con la circulaci\u00f3n internacional del graffiti desde la d\u00e9cada de 1970, estas pr\u00e1cticas adquieren en Brasil configuraciones propias, articuladas a la cultura hip-hop, la desigualdad urbana, la ocupaci\u00f3n simb\u00f3lica de la metr\u00f3poli y la invenci\u00f3n de repertorios locales. M\u00e1s que reducirse a una intervenci\u00f3n decorativa, se afirman como formas de inscripci\u00f3n est\u00e9tica y social sobre el paisaje urbano. <\/span><\/p>\n<p><span style=\"font-weight: 400;\">En el plano visual, el grafiti y las artes urbanas en Brasil se destacan por la fuerza del trazo, la gran escala, la intensidad crom\u00e1tica y la variedad de procedimientos. Letras estilizadas, personajes, figuras narrativas, patrones gr\u00e1ficos y composiciones monumentales operan en di\u00e1logo con muros, fachadas, pasajes y otras superficies de la ciudad, incorporando la textura y la materialidad del entorno urbano. Al mismo tiempo, la escena brasile\u00f1a ha consolidado vocabularios propios, visibles tanto en el muralismo contempor\u00e1neo como en trayectorias emblem\u00e1ticas como la de Os G\u00eameos, cuya obra combina cultura brasile\u00f1a, imaginario popular y referencias del hip-hop en una visualidad ampliamente reconocible. <\/span><\/p>\n<p><span style=\"font-weight: 400;\">En su dimensi\u00f3n hist\u00f3rica y cr\u00edtica, estas pr\u00e1cticas son relevantes por desplazar el arte fuera de los circuitos institucionales tradicionales y por hacer visibles temas vinculados al territorio, el g\u00e9nero, la raza, el medio ambiente y la memoria urbana. En Brasil, artistas como Panmela Castro y Mundano evidencian c\u00f3mo el grafiti tambi\u00e9n puede funcionar como herramienta de activismo e intervenci\u00f3n p\u00fablica, ampliando el campo del arte urbano m\u00e1s all\u00e1 de la imagen y vincul\u00e1ndolo con debates sociales urgentes. Por ello, el grafiti y las artes urbanas ocupan hoy un lugar central en la cultura visual brasile\u00f1a: no solo como lenguaje est\u00e9tico, sino como forma activa de presencia, cr\u00edtica e invenci\u00f3n en el espacio urbano. <\/span><\/p>\n<\/div><\/div><\/div><div class=\"fusion-layout-column fusion_builder_column fusion-builder-column-21 fusion_builder_column_1_2 1_2 fusion-flex-column\" style=\"--awb-bg-size:cover;--awb-width-large:50%;--awb-margin-top-large:20px;--awb-spacing-right-large:3.84%;--awb-margin-bottom-large:20px;--awb-spacing-left-large:3.84%;--awb-width-medium:100%;--awb-order-medium:0;--awb-spacing-right-medium:1.92%;--awb-spacing-left-medium:1.92%;--awb-width-small:100%;--awb-order-small:0;--awb-spacing-right-small:1.92%;--awb-spacing-left-small:1.92%;\"><div class=\"fusion-column-wrapper fusion-column-has-shadow fusion-flex-justify-content-flex-start fusion-content-layout-column\"><div class=\"fusion-image-element awb-imageframe-style awb-imageframe-style-below awb-imageframe-style-10\" style=\"--awb-caption-title-font-family:var(--h4_typography-font-family);--awb-caption-title-font-weight:var(--h4_typography-font-weight);--awb-caption-title-font-style:var(--h4_typography-font-style);--awb-caption-title-size:var(--h4_typography-font-size);--awb-caption-title-transform:var(--h4_typography-text-transform);--awb-caption-title-line-height:var(--h4_typography-line-height);--awb-caption-title-letter-spacing:var(--h4_typography-letter-spacing);\"><span class=\" fusion-imageframe imageframe-none imageframe-10 hover-type-none\"><img decoding=\"async\" width=\"1938\" height=\"2560\" title=\"Os Gemeos\" src=\"https:\/\/brazilianculture.art\/wp-content\/uploads\/2026\/04\/OsGemeos-scaled.jpg\" data-orig-src=\"https:\/\/brazilianculture.art\/wp-content\/uploads\/2026\/04\/OsGemeos-scaled.jpg\" alt class=\"lazyload img-responsive wp-image-7168\" srcset=\"data:image\/svg+xml,%3Csvg%20xmlns%3D%27http%3A%2F%2Fwww.w3.org%2F2000%2Fsvg%27%20width%3D%271938%27%20height%3D%272560%27%20viewBox%3D%270%200%201938%202560%27%3E%3Crect%20width%3D%271938%27%20height%3D%272560%27%20fill-opacity%3D%220%22%2F%3E%3C%2Fsvg%3E\" data-srcset=\"https:\/\/brazilianculture.art\/wp-content\/uploads\/2026\/04\/OsGemeos-200x264.jpg 200w, https:\/\/brazilianculture.art\/wp-content\/uploads\/2026\/04\/OsGemeos-400x528.jpg 400w, https:\/\/brazilianculture.art\/wp-content\/uploads\/2026\/04\/OsGemeos-600x792.jpg 600w, https:\/\/brazilianculture.art\/wp-content\/uploads\/2026\/04\/OsGemeos-800x1057.jpg 800w, https:\/\/brazilianculture.art\/wp-content\/uploads\/2026\/04\/OsGemeos-1200x1585.jpg 1200w, https:\/\/brazilianculture.art\/wp-content\/uploads\/2026\/04\/OsGemeos-scaled.jpg 1938w\" data-sizes=\"auto\" data-orig-sizes=\"(max-width: 1024px) 100vw, (max-width: 640px) 100vw, 800px\" \/><\/span><div class=\"awb-imageframe-caption-container\" style=\"text-align:center;\"><div class=\"awb-imageframe-caption\"><h4 class=\"awb-imageframe-caption-title\">Os Gemeos<\/h4><\/div><\/div><\/div><\/div><\/div><\/div><\/div><div class=\"fusion-fullwidth fullwidth-box fusion-builder-row-10 fusion-flex-container has-pattern-background has-mask-background nonhundred-percent-fullwidth non-hundred-percent-height-scrolling\" style=\"--awb-border-radius-top-left:0px;--awb-border-radius-top-right:0px;--awb-border-radius-bottom-right:0px;--awb-border-radius-bottom-left:0px;--awb-flex-wrap:wrap;\" ><div class=\"fusion-builder-row fusion-row fusion-flex-align-items-flex-start fusion-flex-content-wrap\" style=\"max-width:1331.2px;margin-left: calc(-4% \/ 2 );margin-right: calc(-4% \/ 2 );\"><div class=\"fusion-layout-column fusion_builder_column fusion-builder-column-22 fusion_builder_column_1_1 1_1 fusion-flex-column\" style=\"--awb-bg-size:cover;--awb-width-large:100%;--awb-margin-top-large:20px;--awb-spacing-right-large:1.92%;--awb-margin-bottom-large:20px;--awb-spacing-left-large:1.92%;--awb-width-medium:100%;--awb-order-medium:0;--awb-spacing-right-medium:1.92%;--awb-spacing-left-medium:1.92%;--awb-width-small:100%;--awb-order-small:0;--awb-spacing-right-small:1.92%;--awb-spacing-left-small:1.92%;\"><div class=\"fusion-column-wrapper fusion-column-has-shadow fusion-flex-justify-content-flex-start fusion-content-layout-column\"><div class=\"fusion-text fusion-text-13\"><p><span class=\"TextRun SCXW162566108 BCX0\" lang=\"PT-BR\" xml:lang=\"PT-BR\" data-contrast=\"auto\"><span class=\"NormalTextRun SCXW162566108 BCX0\">En conjunto, estos movimientos evidencian la fuerza, la diversidad y la sofisticaci\u00f3n del arte brasile\u00f1o a lo largo del tiempo. Conocerlos permite comprender de qu\u00e9 manera distintos artistas, lenguajes y contextos hist\u00f3ricos han contribuido a la formaci\u00f3n de modos singulares de crear e interpretar Brasil. Incluso en car\u00e1cter introductorio, este recorrido ya revela un campo art\u00edstico amplio, vivo y plural, capaz de despertar una mirada m\u00e1s atenta e interesada sobre la producci\u00f3n cultural del pa\u00eds. <\/span><\/span><\/p>\n<\/div><\/div><\/div><div class=\"fusion-layout-column fusion_builder_column fusion-builder-column-23 fusion_builder_column_1_1 1_1 fusion-flex-column\" style=\"--awb-bg-size:cover;--awb-width-large:100%;--awb-margin-top-large:20px;--awb-spacing-right-large:1.92%;--awb-margin-bottom-large:20px;--awb-spacing-left-large:1.92%;--awb-width-medium:100%;--awb-order-medium:0;--awb-spacing-right-medium:1.92%;--awb-spacing-left-medium:1.92%;--awb-width-small:100%;--awb-order-small:0;--awb-spacing-right-small:1.92%;--awb-spacing-left-small:1.92%;\"><div class=\"fusion-column-wrapper fusion-column-has-shadow fusion-flex-justify-content-flex-start fusion-content-layout-column\"><div class=\"accordian fusion-accordian\" style=\"--awb-border-size:0px;--awb-icon-size:16px;--awb-content-font-size:var(--awb-typography3-font-size);--awb-icon-alignment:left;--awb-hover-color:var(--awb-color2);--awb-border-color:rgba(255,255,255,0);--awb-background-color:var(--awb-color1);--awb-divider-color:var(--awb-color2);--awb-divider-hover-color:var(--awb-color2);--awb-icon-color:var(--awb-color7);--awb-title-color:var(--awb-color7);--awb-content-color:var(--awb-color7);--awb-icon-box-color:var(--awb-color7);--awb-toggle-hover-accent-color:var(--awb-color5);--awb-title-font-family:var(--awb-typography3-font-family);--awb-title-font-weight:var(--awb-typography3-font-weight);--awb-title-font-style:var(--awb-typography3-font-style);--awb-title-font-size:var(--awb-typography3-font-size);--awb-title-line-height:1.5;--awb-content-font-family:var(--awb-typography3-font-family);--awb-content-font-weight:var(--awb-typography3-font-weight);--awb-content-font-style:var(--awb-typography3-font-style);\"><div class=\"panel-group fusion-toggle-icon-unboxed\" id=\"accordion-7259-1\"><div class=\"fusion-panel panel-default panel-30ab771b8cda0d36e fusion-toggle-no-divider\" style=\"--awb-title-color:var(--awb-color7);--awb-content-color:var(--awb-color7);\"><div class=\"panel-heading\"><h4 class=\"panel-title toggle\" id=\"toggle_30ab771b8cda0d36e\"><a aria-expanded=\"false\" aria-controls=\"30ab771b8cda0d36e\" role=\"button\" data-toggle=\"collapse\" data-target=\"#30ab771b8cda0d36e\" href=\"#30ab771b8cda0d36e\"><span class=\"fusion-toggle-icon-wrapper\" aria-hidden=\"true\"><i class=\"fa-fusion-box active-icon awb-icon-minus\" aria-hidden=\"true\"><\/i><i class=\"fa-fusion-box inactive-icon fa-landmark fas\" aria-hidden=\"true\"><\/i><\/span><span class=\"fusion-toggle-heading\">Bibliograf\u00eda<\/span><\/a><\/h4><\/div><div id=\"30ab771b8cda0d36e\" class=\"panel-collapse collapse \" aria-labelledby=\"toggle_30ab771b8cda0d36e\"><div class=\"panel-body toggle-content fusion-clearfix\">\n<p>Acervo Digital da Unesp. Disponible en: acervodigital.unesp.br<br \/>\nEnciclop\u00e9dia Ita\u00fa Cultural. Expressionismo e obras associadas. Disponible en: enciclopedia.itaucultural.org.br<br \/>\nCanaltech. Fic\u00e7\u00e3o cient\u00edfica brasileira e movimentos como cyberagreste. Disponible en: canaltech.com.br<br data-start=\"866\" data-end=\"869\" \/>Krio Comics. Origem e conceito do cyberagreste na ilustra\u00e7\u00e3o brasileira. Disponible en: kriocomics.com.brEnciclop\u00e9dia Ita\u00fa Cultural. Expressionismo e obras associadas. Disponible en: enciclopedia.itaucultural.org.br<br data-start=\"972\" data-end=\"975\" \/>Canaltech. Fic\u00e7\u00e3o cient\u00edfica brasileira e movimentos como cyberagreste. Disponible en: canaltech.com.br<br data-start=\"866\" data-end=\"869\" \/>Krio Comics. Origem e conceito do cyberagreste na ilustra\u00e7\u00e3o brasileira. Disponible en: kriocomics.com.br<br data-start=\"972\" data-end=\"975\" \/>Brasil Escola. Movimento Armorial na arte brasileira. Disponible en: brasilescola.uol.com.br<br data-start=\"92\" data-end=\"95\" \/>Brasil Escola. Tropicalismo e contexto cultural brasileiro. Disponible en: brasilescola.uol.com.br<br data-start=\"193\" data-end=\"196\" \/>Toda Mat\u00e9ria. Modernismo no Brasil e suas fases. Disponible en: todamateria.com.br<br data-start=\"278\" data-end=\"281\" \/>Toda Mat\u00e9ria. Barroco no Brasil e caracter\u00edsticas art\u00edsticas. Disponible en: todamateria.com.br<br data-start=\"376\" data-end=\"379\" \/>Toda Mat\u00e9ria. Concretismo e arte geom\u00e9trica brasileira. Disponible en: todamateria.com.br<br data-start=\"468\" data-end=\"471\" \/>Toda Mat\u00e9ria. Neoconcretismo e arte sens\u00edvel no Brasil. Disponible en: todamateria.com.br<br data-start=\"560\" data-end=\"563\" \/>Toda Mat\u00e9ria. Manifesto Antrop\u00f3fago e identidade cultural brasileira. Disponible en: todamateria.com.br<br data-start=\"666\" data-end=\"669\" \/>Toda Mat\u00e9ria. Grafite e arte urbana contempor\u00e2nea. Disponible en: todamateria.com.br<\/p>\n<\/div><\/div><\/div><\/div><\/div><\/div><\/div><\/div><\/div><div class=\"fusion-fullwidth fullwidth-box fusion-builder-row-11 fusion-flex-container has-pattern-background has-mask-background nonhundred-percent-fullwidth non-hundred-percent-height-scrolling\" style=\"--awb-border-radius-top-left:0px;--awb-border-radius-top-right:0px;--awb-border-radius-bottom-right:0px;--awb-border-radius-bottom-left:0px;--awb-flex-wrap:wrap;\" ><div class=\"fusion-builder-row fusion-row fusion-flex-align-items-flex-start fusion-flex-content-wrap\" style=\"max-width:1331.2px;margin-left: calc(-4% \/ 2 );margin-right: calc(-4% \/ 2 );\"><div class=\"fusion-layout-column fusion_builder_column fusion-builder-column-24 fusion_builder_column_1_1 1_1 fusion-flex-column\" style=\"--awb-bg-size:cover;--awb-width-large:100%;--awb-margin-top-large:20px;--awb-spacing-right-large:1.92%;--awb-margin-bottom-large:20px;--awb-spacing-left-large:1.92%;--awb-width-medium:100%;--awb-order-medium:0;--awb-spacing-right-medium:1.92%;--awb-spacing-left-medium:1.92%;--awb-width-small:100%;--awb-order-small:0;--awb-spacing-right-small:1.92%;--awb-spacing-left-small:1.92%;\"><div class=\"fusion-column-wrapper fusion-column-has-shadow fusion-flex-justify-content-flex-start fusion-content-layout-column\"><\/div><\/div><\/div><\/div><\/p>\n","protected":false},"excerpt":{"rendered":"","protected":false},"author":3,"featured_media":7593,"comment_status":"open","ping_status":"open","sticky":false,"template":"","format":"standard","meta":{"footnotes":""},"categories":[91],"tags":[],"class_list":["post-7259","post","type-post","status-publish","format-standard","has-post-thumbnail","hentry","category-arte-y-cultura"],"yoast_head":"<!-- This site is optimized with the Yoast SEO plugin v27.4 - https:\/\/yoast.com\/product\/yoast-seo-wordpress\/ -->\n<title>10 movimientos art\u00edsticos brasile\u00f1os para principiantes - BrazilianCulture.Art<\/title>\n<meta name=\"description\" content=\"Explora la sofisticaci\u00f3n de los movimientos art\u00edsticos de Brasil, donde la invenci\u00f3n est\u00e9tica, la densidad hist\u00f3rica y la potencia simb\u00f3lica se entrelazan en expresiones singulares y cautivadoras.\" \/>\n<meta name=\"robots\" content=\"index, follow, max-snippet:-1, max-image-preview:large, max-video-preview:-1\" \/>\n<link rel=\"canonical\" href=\"https:\/\/brazilianculture.art\/es\/movimientos-artisticos-brasilenos\/\" \/>\n<meta property=\"og:locale\" content=\"es_ES\" \/>\n<meta property=\"og:type\" content=\"article\" \/>\n<meta property=\"og:title\" content=\"10 movimientos art\u00edsticos brasile\u00f1os para principiantes - BrazilianCulture.Art\" \/>\n<meta property=\"og:description\" content=\"Explora la sofisticaci\u00f3n de los movimientos art\u00edsticos de Brasil, donde la invenci\u00f3n est\u00e9tica, la densidad hist\u00f3rica y la potencia simb\u00f3lica se entrelazan en expresiones singulares y cautivadoras.\" \/>\n<meta property=\"og:url\" content=\"https:\/\/brazilianculture.art\/es\/movimientos-artisticos-brasilenos\/\" \/>\n<meta property=\"og:site_name\" content=\"BrazilianCulture.Art\" \/>\n<meta property=\"article:publisher\" content=\"https:\/\/www.facebook.com\/profile.php?id=100090895031360\" \/>\n<meta property=\"article:published_time\" content=\"2026-05-01T23:21:48+00:00\" \/>\n<meta property=\"article:modified_time\" content=\"2026-05-02T00:05:13+00:00\" \/>\n<meta property=\"og:image\" content=\"https:\/\/brazilianculture.art\/wp-content\/uploads\/2026\/04\/Batizado-de-Macunaima-1956-Oleo-sobre-tela-Tarsila-do-Amaral-scaled.jpeg\" \/>\n\t<meta property=\"og:image:width\" content=\"2560\" \/>\n\t<meta property=\"og:image:height\" content=\"1475\" \/>\n\t<meta property=\"og:image:type\" content=\"image\/jpeg\" \/>\n<meta name=\"author\" content=\"Julee Rom\u00e3o Silva\" \/>\n<meta name=\"twitter:card\" content=\"summary_large_image\" \/>\n<script type=\"application\/ld+json\" class=\"yoast-schema-graph\">{\"@context\":\"https:\\\/\\\/schema.org\",\"@graph\":[{\"@type\":\"Article\",\"@id\":\"https:\\\/\\\/brazilianculture.art\\\/es\\\/movimientos-artisticos-brasilenos\\\/#article\",\"isPartOf\":{\"@id\":\"https:\\\/\\\/brazilianculture.art\\\/es\\\/movimientos-artisticos-brasilenos\\\/\"},\"author\":{\"name\":\"Julee Rom\u00e3o Silva\",\"@id\":\"https:\\\/\\\/brazilianculture.art\\\/es\\\/#\\\/schema\\\/person\\\/84e55b3c1aaed72ecf026b867b5d6c9e\"},\"headline\":\"10 movimientos art\u00edsticos brasile\u00f1os para principiantes\",\"datePublished\":\"2026-05-01T23:21:48+00:00\",\"dateModified\":\"2026-05-02T00:05:13+00:00\",\"mainEntityOfPage\":{\"@id\":\"https:\\\/\\\/brazilianculture.art\\\/es\\\/movimientos-artisticos-brasilenos\\\/\"},\"wordCount\":29781,\"commentCount\":0,\"publisher\":{\"@id\":\"https:\\\/\\\/brazilianculture.art\\\/es\\\/#organization\"},\"image\":{\"@id\":\"https:\\\/\\\/brazilianculture.art\\\/es\\\/movimientos-artisticos-brasilenos\\\/#primaryimage\"},\"thumbnailUrl\":\"https:\\\/\\\/brazilianculture.art\\\/wp-content\\\/uploads\\\/2026\\\/04\\\/Batizado-de-Macunaima-1956-Oleo-sobre-tela-Tarsila-do-Amaral-scaled.jpeg\",\"articleSection\":[\"Arte y Cultura\"],\"inLanguage\":\"es\",\"potentialAction\":[{\"@type\":\"CommentAction\",\"name\":\"Comment\",\"target\":[\"https:\\\/\\\/brazilianculture.art\\\/es\\\/movimientos-artisticos-brasilenos\\\/#respond\"]}]},{\"@type\":\"WebPage\",\"@id\":\"https:\\\/\\\/brazilianculture.art\\\/es\\\/movimientos-artisticos-brasilenos\\\/\",\"url\":\"https:\\\/\\\/brazilianculture.art\\\/es\\\/movimientos-artisticos-brasilenos\\\/\",\"name\":\"10 movimientos art\u00edsticos brasile\u00f1os para principiantes - BrazilianCulture.Art\",\"isPartOf\":{\"@id\":\"https:\\\/\\\/brazilianculture.art\\\/es\\\/#website\"},\"primaryImageOfPage\":{\"@id\":\"https:\\\/\\\/brazilianculture.art\\\/es\\\/movimientos-artisticos-brasilenos\\\/#primaryimage\"},\"image\":{\"@id\":\"https:\\\/\\\/brazilianculture.art\\\/es\\\/movimientos-artisticos-brasilenos\\\/#primaryimage\"},\"thumbnailUrl\":\"https:\\\/\\\/brazilianculture.art\\\/wp-content\\\/uploads\\\/2026\\\/04\\\/Batizado-de-Macunaima-1956-Oleo-sobre-tela-Tarsila-do-Amaral-scaled.jpeg\",\"datePublished\":\"2026-05-01T23:21:48+00:00\",\"dateModified\":\"2026-05-02T00:05:13+00:00\",\"description\":\"Explora la sofisticaci\u00f3n de los movimientos art\u00edsticos de Brasil, donde la invenci\u00f3n est\u00e9tica, la densidad hist\u00f3rica y la potencia simb\u00f3lica se entrelazan en expresiones singulares y cautivadoras.\",\"breadcrumb\":{\"@id\":\"https:\\\/\\\/brazilianculture.art\\\/es\\\/movimientos-artisticos-brasilenos\\\/#breadcrumb\"},\"inLanguage\":\"es\",\"potentialAction\":[{\"@type\":\"ReadAction\",\"target\":[\"https:\\\/\\\/brazilianculture.art\\\/es\\\/movimientos-artisticos-brasilenos\\\/\"]}]},{\"@type\":\"ImageObject\",\"inLanguage\":\"es\",\"@id\":\"https:\\\/\\\/brazilianculture.art\\\/es\\\/movimientos-artisticos-brasilenos\\\/#primaryimage\",\"url\":\"https:\\\/\\\/brazilianculture.art\\\/wp-content\\\/uploads\\\/2026\\\/04\\\/Batizado-de-Macunaima-1956-Oleo-sobre-tela-Tarsila-do-Amaral-scaled.jpeg\",\"contentUrl\":\"https:\\\/\\\/brazilianculture.art\\\/wp-content\\\/uploads\\\/2026\\\/04\\\/Batizado-de-Macunaima-1956-Oleo-sobre-tela-Tarsila-do-Amaral-scaled.jpeg\",\"width\":2560,\"height\":1475},{\"@type\":\"BreadcrumbList\",\"@id\":\"https:\\\/\\\/brazilianculture.art\\\/es\\\/movimientos-artisticos-brasilenos\\\/#breadcrumb\",\"itemListElement\":[{\"@type\":\"ListItem\",\"position\":1,\"name\":\"Startseite\",\"item\":\"https:\\\/\\\/brazilianculture.art\\\/es\\\/home\\\/\"},{\"@type\":\"ListItem\",\"position\":2,\"name\":\"10 movimientos art\u00edsticos brasile\u00f1os para principiantes\"}]},{\"@type\":\"WebSite\",\"@id\":\"https:\\\/\\\/brazilianculture.art\\\/es\\\/#website\",\"url\":\"https:\\\/\\\/brazilianculture.art\\\/es\\\/\",\"name\":\"BrazilianCulture.Art\",\"description\":\"Feel the Planet Brazil\",\"publisher\":{\"@id\":\"https:\\\/\\\/brazilianculture.art\\\/es\\\/#organization\"},\"potentialAction\":[{\"@type\":\"SearchAction\",\"target\":{\"@type\":\"EntryPoint\",\"urlTemplate\":\"https:\\\/\\\/brazilianculture.art\\\/es\\\/?s={search_term_string}\"},\"query-input\":{\"@type\":\"PropertyValueSpecification\",\"valueRequired\":true,\"valueName\":\"search_term_string\"}}],\"inLanguage\":\"es\"},{\"@type\":\"Organization\",\"@id\":\"https:\\\/\\\/brazilianculture.art\\\/es\\\/#organization\",\"name\":\"BrazilianCulture.Art\",\"url\":\"https:\\\/\\\/brazilianculture.art\\\/es\\\/\",\"logo\":{\"@type\":\"ImageObject\",\"inLanguage\":\"es\",\"@id\":\"https:\\\/\\\/brazilianculture.art\\\/es\\\/#\\\/schema\\\/logo\\\/image\\\/\",\"url\":\"https:\\\/\\\/brazilianculture.art\\\/wp-content\\\/uploads\\\/2023\\\/04\\\/Brazilian-culture-.art-2.png\",\"contentUrl\":\"https:\\\/\\\/brazilianculture.art\\\/wp-content\\\/uploads\\\/2023\\\/04\\\/Brazilian-culture-.art-2.png\",\"width\":1080,\"height\":1080,\"caption\":\"BrazilianCulture.Art\"},\"image\":{\"@id\":\"https:\\\/\\\/brazilianculture.art\\\/es\\\/#\\\/schema\\\/logo\\\/image\\\/\"},\"sameAs\":[\"https:\\\/\\\/www.facebook.com\\\/profile.php?id=100090895031360\",\"https:\\\/\\\/www.instagram.com\\\/brazilianculture.art\\\/\"]},{\"@type\":\"Person\",\"@id\":\"https:\\\/\\\/brazilianculture.art\\\/es\\\/#\\\/schema\\\/person\\\/84e55b3c1aaed72ecf026b867b5d6c9e\",\"name\":\"Julee Rom\u00e3o Silva\",\"image\":{\"@type\":\"ImageObject\",\"inLanguage\":\"es\",\"@id\":\"https:\\\/\\\/secure.gravatar.com\\\/avatar\\\/f513ba16a17621dcaa2298ec0ee5fbaa68e10214c331fa8e360d0bcac9d4ed9d?s=96&d=mm&r=g\",\"url\":\"https:\\\/\\\/secure.gravatar.com\\\/avatar\\\/f513ba16a17621dcaa2298ec0ee5fbaa68e10214c331fa8e360d0bcac9d4ed9d?s=96&d=mm&r=g\",\"contentUrl\":\"https:\\\/\\\/secure.gravatar.com\\\/avatar\\\/f513ba16a17621dcaa2298ec0ee5fbaa68e10214c331fa8e360d0bcac9d4ed9d?s=96&d=mm&r=g\",\"caption\":\"Julee Rom\u00e3o Silva\"}}]}<\/script>\n<!-- \/ Yoast SEO plugin. -->","yoast_head_json":{"title":"10 movimientos art\u00edsticos brasile\u00f1os para principiantes - BrazilianCulture.Art","description":"Explora la sofisticaci\u00f3n de los movimientos art\u00edsticos de Brasil, donde la invenci\u00f3n est\u00e9tica, la densidad hist\u00f3rica y la potencia simb\u00f3lica se entrelazan en expresiones singulares y cautivadoras.","robots":{"index":"index","follow":"follow","max-snippet":"max-snippet:-1","max-image-preview":"max-image-preview:large","max-video-preview":"max-video-preview:-1"},"canonical":"https:\/\/brazilianculture.art\/es\/movimientos-artisticos-brasilenos\/","og_locale":"es_ES","og_type":"article","og_title":"10 movimientos art\u00edsticos brasile\u00f1os para principiantes - BrazilianCulture.Art","og_description":"Explora la sofisticaci\u00f3n de los movimientos art\u00edsticos de Brasil, donde la invenci\u00f3n est\u00e9tica, la densidad hist\u00f3rica y la potencia simb\u00f3lica se entrelazan en expresiones singulares y cautivadoras.","og_url":"https:\/\/brazilianculture.art\/es\/movimientos-artisticos-brasilenos\/","og_site_name":"BrazilianCulture.Art","article_publisher":"https:\/\/www.facebook.com\/profile.php?id=100090895031360","article_published_time":"2026-05-01T23:21:48+00:00","article_modified_time":"2026-05-02T00:05:13+00:00","og_image":[{"width":2560,"height":1475,"url":"https:\/\/brazilianculture.art\/wp-content\/uploads\/2026\/04\/Batizado-de-Macunaima-1956-Oleo-sobre-tela-Tarsila-do-Amaral-scaled.jpeg","type":"image\/jpeg"}],"author":"Julee Rom\u00e3o Silva","twitter_card":"summary_large_image","schema":{"@context":"https:\/\/schema.org","@graph":[{"@type":"Article","@id":"https:\/\/brazilianculture.art\/es\/movimientos-artisticos-brasilenos\/#article","isPartOf":{"@id":"https:\/\/brazilianculture.art\/es\/movimientos-artisticos-brasilenos\/"},"author":{"name":"Julee Rom\u00e3o Silva","@id":"https:\/\/brazilianculture.art\/es\/#\/schema\/person\/84e55b3c1aaed72ecf026b867b5d6c9e"},"headline":"10 movimientos art\u00edsticos brasile\u00f1os para principiantes","datePublished":"2026-05-01T23:21:48+00:00","dateModified":"2026-05-02T00:05:13+00:00","mainEntityOfPage":{"@id":"https:\/\/brazilianculture.art\/es\/movimientos-artisticos-brasilenos\/"},"wordCount":29781,"commentCount":0,"publisher":{"@id":"https:\/\/brazilianculture.art\/es\/#organization"},"image":{"@id":"https:\/\/brazilianculture.art\/es\/movimientos-artisticos-brasilenos\/#primaryimage"},"thumbnailUrl":"https:\/\/brazilianculture.art\/wp-content\/uploads\/2026\/04\/Batizado-de-Macunaima-1956-Oleo-sobre-tela-Tarsila-do-Amaral-scaled.jpeg","articleSection":["Arte y Cultura"],"inLanguage":"es","potentialAction":[{"@type":"CommentAction","name":"Comment","target":["https:\/\/brazilianculture.art\/es\/movimientos-artisticos-brasilenos\/#respond"]}]},{"@type":"WebPage","@id":"https:\/\/brazilianculture.art\/es\/movimientos-artisticos-brasilenos\/","url":"https:\/\/brazilianculture.art\/es\/movimientos-artisticos-brasilenos\/","name":"10 movimientos art\u00edsticos brasile\u00f1os para principiantes - BrazilianCulture.Art","isPartOf":{"@id":"https:\/\/brazilianculture.art\/es\/#website"},"primaryImageOfPage":{"@id":"https:\/\/brazilianculture.art\/es\/movimientos-artisticos-brasilenos\/#primaryimage"},"image":{"@id":"https:\/\/brazilianculture.art\/es\/movimientos-artisticos-brasilenos\/#primaryimage"},"thumbnailUrl":"https:\/\/brazilianculture.art\/wp-content\/uploads\/2026\/04\/Batizado-de-Macunaima-1956-Oleo-sobre-tela-Tarsila-do-Amaral-scaled.jpeg","datePublished":"2026-05-01T23:21:48+00:00","dateModified":"2026-05-02T00:05:13+00:00","description":"Explora la sofisticaci\u00f3n de los movimientos art\u00edsticos de Brasil, donde la invenci\u00f3n est\u00e9tica, la densidad hist\u00f3rica y la potencia simb\u00f3lica se entrelazan en expresiones singulares y cautivadoras.","breadcrumb":{"@id":"https:\/\/brazilianculture.art\/es\/movimientos-artisticos-brasilenos\/#breadcrumb"},"inLanguage":"es","potentialAction":[{"@type":"ReadAction","target":["https:\/\/brazilianculture.art\/es\/movimientos-artisticos-brasilenos\/"]}]},{"@type":"ImageObject","inLanguage":"es","@id":"https:\/\/brazilianculture.art\/es\/movimientos-artisticos-brasilenos\/#primaryimage","url":"https:\/\/brazilianculture.art\/wp-content\/uploads\/2026\/04\/Batizado-de-Macunaima-1956-Oleo-sobre-tela-Tarsila-do-Amaral-scaled.jpeg","contentUrl":"https:\/\/brazilianculture.art\/wp-content\/uploads\/2026\/04\/Batizado-de-Macunaima-1956-Oleo-sobre-tela-Tarsila-do-Amaral-scaled.jpeg","width":2560,"height":1475},{"@type":"BreadcrumbList","@id":"https:\/\/brazilianculture.art\/es\/movimientos-artisticos-brasilenos\/#breadcrumb","itemListElement":[{"@type":"ListItem","position":1,"name":"Startseite","item":"https:\/\/brazilianculture.art\/es\/home\/"},{"@type":"ListItem","position":2,"name":"10 movimientos art\u00edsticos brasile\u00f1os para principiantes"}]},{"@type":"WebSite","@id":"https:\/\/brazilianculture.art\/es\/#website","url":"https:\/\/brazilianculture.art\/es\/","name":"BrazilianCulture.Art","description":"Feel the Planet Brazil","publisher":{"@id":"https:\/\/brazilianculture.art\/es\/#organization"},"potentialAction":[{"@type":"SearchAction","target":{"@type":"EntryPoint","urlTemplate":"https:\/\/brazilianculture.art\/es\/?s={search_term_string}"},"query-input":{"@type":"PropertyValueSpecification","valueRequired":true,"valueName":"search_term_string"}}],"inLanguage":"es"},{"@type":"Organization","@id":"https:\/\/brazilianculture.art\/es\/#organization","name":"BrazilianCulture.Art","url":"https:\/\/brazilianculture.art\/es\/","logo":{"@type":"ImageObject","inLanguage":"es","@id":"https:\/\/brazilianculture.art\/es\/#\/schema\/logo\/image\/","url":"https:\/\/brazilianculture.art\/wp-content\/uploads\/2023\/04\/Brazilian-culture-.art-2.png","contentUrl":"https:\/\/brazilianculture.art\/wp-content\/uploads\/2023\/04\/Brazilian-culture-.art-2.png","width":1080,"height":1080,"caption":"BrazilianCulture.Art"},"image":{"@id":"https:\/\/brazilianculture.art\/es\/#\/schema\/logo\/image\/"},"sameAs":["https:\/\/www.facebook.com\/profile.php?id=100090895031360","https:\/\/www.instagram.com\/brazilianculture.art\/"]},{"@type":"Person","@id":"https:\/\/brazilianculture.art\/es\/#\/schema\/person\/84e55b3c1aaed72ecf026b867b5d6c9e","name":"Julee Rom\u00e3o Silva","image":{"@type":"ImageObject","inLanguage":"es","@id":"https:\/\/secure.gravatar.com\/avatar\/f513ba16a17621dcaa2298ec0ee5fbaa68e10214c331fa8e360d0bcac9d4ed9d?s=96&d=mm&r=g","url":"https:\/\/secure.gravatar.com\/avatar\/f513ba16a17621dcaa2298ec0ee5fbaa68e10214c331fa8e360d0bcac9d4ed9d?s=96&d=mm&r=g","contentUrl":"https:\/\/secure.gravatar.com\/avatar\/f513ba16a17621dcaa2298ec0ee5fbaa68e10214c331fa8e360d0bcac9d4ed9d?s=96&d=mm&r=g","caption":"Julee Rom\u00e3o Silva"}}]}},"_links":{"self":[{"href":"https:\/\/brazilianculture.art\/es\/wp-json\/wp\/v2\/posts\/7259","targetHints":{"allow":["GET"]}}],"collection":[{"href":"https:\/\/brazilianculture.art\/es\/wp-json\/wp\/v2\/posts"}],"about":[{"href":"https:\/\/brazilianculture.art\/es\/wp-json\/wp\/v2\/types\/post"}],"author":[{"embeddable":true,"href":"https:\/\/brazilianculture.art\/es\/wp-json\/wp\/v2\/users\/3"}],"replies":[{"embeddable":true,"href":"https:\/\/brazilianculture.art\/es\/wp-json\/wp\/v2\/comments?post=7259"}],"version-history":[{"count":11,"href":"https:\/\/brazilianculture.art\/es\/wp-json\/wp\/v2\/posts\/7259\/revisions"}],"predecessor-version":[{"id":7641,"href":"https:\/\/brazilianculture.art\/es\/wp-json\/wp\/v2\/posts\/7259\/revisions\/7641"}],"wp:featuredmedia":[{"embeddable":true,"href":"https:\/\/brazilianculture.art\/es\/wp-json\/wp\/v2\/media\/7593"}],"wp:attachment":[{"href":"https:\/\/brazilianculture.art\/es\/wp-json\/wp\/v2\/media?parent=7259"}],"wp:term":[{"taxonomy":"category","embeddable":true,"href":"https:\/\/brazilianculture.art\/es\/wp-json\/wp\/v2\/categories?post=7259"},{"taxonomy":"post_tag","embeddable":true,"href":"https:\/\/brazilianculture.art\/es\/wp-json\/wp\/v2\/tags?post=7259"}],"curies":[{"name":"wp","href":"https:\/\/api.w.org\/{rel}","templated":true}]}}